{"id":93,"date":"2014-01-09T09:42:25","date_gmt":"2014-01-09T09:42:25","guid":{"rendered":"http:\/\/www.animalist.eu\/?p=93"},"modified":"2014-10-15T12:07:48","modified_gmt":"2014-10-15T10:07:48","slug":"top-10-akcija-u-2013","status":"publish","type":"post","link":"https:\/\/www.animalist.eu\/?p=93","title":{"rendered":"Top 10 akcija u 2013."},"content":{"rendered":"<p style=\"text-align: justify;\">Dragi prijatelji, \u010dlanovi i podupiratelji,<\/p>\n<p style=\"text-align: justify;\">pred vama se nalazi godi\u0161nji pregled na\u0161ih top deset aktivnosti i postignu\u0107a u protekloj godini u posebnom AnimaList specijal izdanju.<\/p>\n<p style=\"text-align: justify;\">Slobodno nam pi\u0161ite ako se vama neke <a href=\"http:\/\/www.prijatelji-zivotinja.hr\/index.hr.php?id=2013g\" target=\"_self\">druge<\/a>, od ovdje navedenih aktivnosti, vi\u0161e svi\u0111aju \u2013 primjerice <a href=\"http:\/\/www.prijatelji-zivotinja.hr\/index.hr.php?id=2361k\" target=\"_self\">Znanstvenici za znanost bez kori\u0161tenja \u017eivotinja<\/a>, <a href=\"http:\/\/www.prijatelji-zivotinja.hr\/index.hr.php?id=2439k\" target=\"_self\">Veganski dunavski valovi<\/a>, <a href=\"http:\/\/www.prijatelji-zivotinja.hr\/index.hr.php?id=2451k\" target=\"_self\">Borba za prava potla\u010dene ve\u0107ine<\/a>, <a href=\"http:\/\/www.prijatelji-zivotinja.hr\/index.hr.php?id=2442k\" target=\"_self\">Biljnom prehranom pobijedimo dijabetes<\/a>, <a href=\"http:\/\/www.prijatelji-zivotinja.hr\/index.hr.php?id=2363k\" target=\"_self\">Ispovijesti ekoterorista<\/a>, <a href=\"http:\/\/www.prijatelji-zivotinja.hr\/index.hr.php?id=2354k\" target=\"_self\">Vege prehranom do smanjenja krvnog tlaka<\/a> \u2013 smatrate ih zna\u010dajnima i vrjednijima spomena. O\u010dekujemo va\u0161e komentare!<\/p>\n<p style=\"text-align: justify;\">Jo\u0161 jednom vam svima hvala na potpori, pra\u0107enju i sudjelovanju u na\u0161im aktivnostima!<\/p>\n<p style=\"text-align: justify;\">Svima sve najbolje,<\/p>\n<p style=\"text-align: justify;\">Prijatelji \u017eivotinja<\/p>\n<hr \/>\n<h4 style=\"text-align: justify;\"><span style=\"color: #00ac97;\">Zakoni koji (ne) \u0161tite \u017eivotinje<\/span><\/h4>\n<p style=\"text-align: justify;\">Dok je novi <a href=\"http:\/\/www.prijatelji-zivotinja.hr\/index.hr.php?id=2285\" target=\"_blank\">Kazneni zakon<\/a>, na \u010dijoj smo izradi sudjelovali na\u0161im prijedlozima, pro\u0161le godine u\u010dinio korak naprijed k za\u0161titi \u017eivotinja proglasiv\u0161i usmr\u0107ivanje \u017eivotinja kaznenim djelom, <a href=\"http:\/\/www.prijatelji-zivotinja.hr\/index.hr.php?id=2340k\" target=\"_blank\">Zakon o za\u0161titi \u017eivotinja<\/a> \u2013 nakon uskla\u0111ivanja s EU zakonodavstvom \u2013 bio bi potpuno unaza\u0111en da nije bilo amandmana koje su na na\u0161u inicijativu poduprli i prihvatili saborski zastupnici.<\/p>\n<hr \/>\n<h4 style=\"text-align: justify;\"><span style=\"color: #00ac97;\">I malo krzna jednako boli<\/span><\/h4>\n<p style=\"text-align: justify;\">Boris Novkovi\u0107 podr\u017eao je kampanju &#8216;Za Hrvatsku bez krzna&#8217; uklju\u010div\u0161i se u projekt <a href=\"http:\/\/www.prijatelji-zivotinja.hr\/index.hr.php?id=2318\" target=\"_blank\">&#8220;I malo krzna jednako boli&#8221;<\/a>, slikaju\u0107i se za plakate i <a href=\"http:\/\/www.prijatelji-zivotinja.hr\/index.hr.php?id=2331\" target=\"_blank\">snimiv\u0161i kratki dokumentarni film<\/a> u kojem je pozvao na suosje\u0107ajno odijevanje.<\/p>\n<hr \/>\n<h4 style=\"text-align: justify;\"><span style=\"color: #00ac97;\">Svjetski dan bez mesa<\/span><\/h4>\n<p style=\"text-align: justify;\"><a href=\"http:\/\/www.prijatelji-zivotinja.hr\/index.hr.php?id=2341\" target=\"_blank\">Svjetski dan bez mesa<\/a> (Meatout) pro\u0161le smo godine obilje\u017eili zanimljivom radionicom veganskih jela na zagreba\u010dkome glavnom trgu, kao i uvijek u suradnji s FARM (Farm Animal Rights Movement).<\/p>\n<hr \/>\n<h4 style=\"text-align: justify;\"><span style=\"color: #00ac97;\">Ekipa na broju<\/span><\/h4>\n<p style=\"text-align: justify;\">Poznati medijski dvojac Igor Me\u0161in i Rene Bitorajac pro\u0161le su godine poduprli na\u0161u kampanju \u201cObitelj na more, a pas na ulicu?\u201d, pozivaju\u0107i s na\u0161ih plakata i razglednica <a href=\"http:\/\/www.prijatelji-zivotinja.hr\/index.hr.php?id=2398\" target=\"_blank\">\u201cKod bake ili na moru, na jesen svi na broju!\u201d<\/a> da gra\u0111ani ne napu\u0161taju svoje pse.<\/p>\n<hr \/>\n<h4 style=\"text-align: justify;\"><span style=\"color: #00ac97;\">Willa Tuttlea ugostili u Hrvatskoj<\/span><\/h4>\n<p style=\"text-align: justify;\"><a href=\"http:\/\/www.prijatelji-zivotinja.hr\/index.hr.php?id=2401\" target=\"_blank\">Autora knjige Hrana za mir, Willa Tuttlea<\/a>, ugostili smo u Zagrebu, organizirav\u0161i odli\u010dno posje\u0107eno predavanje u Hotelu Esplanade Zagreb na kojem govorio je o dru\u0161tvenim i duhovnim posljedicama pogre\u0161nih prehrambenih navika.<\/p>\n<hr \/>\n<h4 style=\"text-align: justify;\"><span style=\"color: #00ac97;\">Veganski ru\u010dak s Predsjednikom<\/span><\/h4>\n<p style=\"text-align: justify;\">Uo\u010di ZeGeVege festivala, u Uredu Predsjednika na Pantov\u010daku organizirali smo u suradnji s kuharskim timom iz Vegehopa <a href=\"http:\/\/www.prijatelji-zivotinja.hr\/index.hr.php?id=2421\" target=\"_blank\">veganski ru\u010dak za predsjednika Ivu Josipovi\u0107a i njegove suradnike<\/a>.<\/p>\n<hr \/>\n<h4 style=\"text-align: justify;\"><span style=\"color: #00ac97;\">Rekordan ZeGeVege festival<\/span><\/h4>\n<p style=\"text-align: justify;\"><a href=\"http:\/\/www.prijatelji-zivotinja.hr\/index.hr.php?id=2422\" target=\"_blank\">6. ZeGeVege festival<\/a> bio je rekordan sa 75 izlaga\u010da i 32 izvo\u0111a\u010da, pet zemalja sudionica, vi\u0161e od 80 medija, dva veganska restorana s hempurgerima i kebabom, tombolom s mno\u0161tvom nagrada, besplatnim frizurama, degustacijama, predavanjima i radionicama, dje\u010djim kuti\u0107em i dvadesetsatnom programu s pozornice te ve\u0107im brojim posjetitelja nego ikad.<\/p>\n<hr \/>\n<h4 style=\"text-align: justify;\"><span style=\"color: #00ac97;\">Napokon uselili u novi ured<\/span><\/h4>\n<p style=\"text-align: justify;\">Nakon vi\u0161emjese\u010dnih priprema, preseljenja iz Gajeve 47 u Juri\u0161i\u0107evu 25 te dugotrajnih radova uz pomo\u0107 na\u0161ih \u010dlanova i volontera, na\u0161 novi ured napokon je profunkcionirao u rujnu pro\u0161le godine. Svi zainteresirani slobodni su nas posjetiti uz prethodnu najavu putem <a href=\"http:\/\/www.prijatelji-zivotinja.hr\/index.hr.php?id=770\" target=\"_blank\">e-maila ili telefona<\/a>.<\/p>\n<hr \/>\n<h4 style=\"text-align: justify;\"><span style=\"color: #00ac97;\">Dani prijatelja \u017eivotinja 2013.<\/span><\/h4>\n<p style=\"text-align: justify;\">U sklopu <a href=\"http:\/\/www.prijatelji-zivotinja.hr\/index.hr.php?id=2428\" target=\"_blank\">Dana prijatelja \u017eivotinja 2013.<\/a> obilje\u017eili smo Svjetski dan vegetarijanstva (1. listopada) izradom \u010dak 15,20 m duga\u010dkog veganskog sendvi\u010da i Svjetski dan \u017eivotinja s farmi (2. listopada) projekcijom filma \u201c60 milijardi \u017eivotinja\u201d u suradnji s FARM. Obilje\u017eili smo i Svjetski dan \u017eivotinja (4. listopada) predstavljanjem 14 udruga na Trgu bana Jela\u010di\u0107a u Zagrebu i sudjelovali na doga\u0111aju na Bundeku (5. listopada) organiziranom od strane Gradskog ureda za poljoprivredu i \u0161umarstvo.<\/p>\n<hr \/>\n<h4 style=\"text-align: justify;\"><span style=\"color: #00ac97;\">Udomljavanje je fora<\/span><\/h4>\n<p style=\"text-align: justify;\">Tijekom \u010ditave pro\u0161le godine sudjelovali smo i u svim akcijama <a href=\"http:\/\/www.prijatelji-zivotinja.hr\/index.hr.php?id=2360\" target=\"_blank\">&#8220;Udomljavanje je fora&#8221;<\/a>, podr\u017eav\u0161i tako inicijativu Skloni\u0161ta za nezbrinute \u017eivotinje Grada Zagreba i Gradskog ured za poljoprivredu i \u0161umarstvo, s kojima smo i pro\u0161le godine uspje\u0161no realizirali <a href=\"http:\/\/www.prijatelji-zivotinja.hr\/index.hr.php?id=2446k\" target=\"_blank\">program besplatnih i povoljnijih kastracija<\/a>.<\/p>\n","protected":false},"excerpt":{"rendered":"<p>Dragi prijatelji, \u010dlanovi i podupiratelji, pred vama se nalazi godi\u0161nji pregled na\u0161ih top deset aktivnosti i postignu\u0107a u protekloj godini u posebnom AnimaList specijal izdanju. Slobodno nam pi\u0161ite ako se vama neke druge, od ovdje navedenih aktivnosti, vi\u0161e svi\u0111aju \u2013 primjerice Znanstvenici za znanost bez kori\u0161tenja \u017eivotinja, Veganski dunavski valovi, Borba za prava potla\u010dene ve\u0107ine, [&hellip;]<\/p>\n","protected":false},"author":1,"featured_media":222,"comment_status":"closed","ping_status":"closed","sticky":false,"template":"","format":"standard","meta":[],"categories":[6],"tags":[],"_links":{"self":[{"href":"https:\/\/www.animalist.eu\/index.php?rest_route=\/wp\/v2\/posts\/93"}],"collection":[{"href":"https:\/\/www.animalist.eu\/index.php?rest_route=\/wp\/v2\/posts"}],"about":[{"href":"https:\/\/www.animalist.eu\/index.php?rest_route=\/wp\/v2\/types\/post"}],"author":[{"embeddable":true,"href":"https:\/\/www.animalist.eu\/index.php?rest_route=\/wp\/v2\/users\/1"}],"replies":[{"embeddable":true,"href":"https:\/\/www.animalist.eu\/index.php?rest_route=%2Fwp%2Fv2%2Fcomments&post=93"}],"version-history":[{"count":24,"href":"https:\/\/www.animalist.eu\/index.php?rest_route=\/wp\/v2\/posts\/93\/revisions"}],"predecessor-version":[{"id":1042,"href":"https:\/\/www.animalist.eu\/index.php?rest_route=\/wp\/v2\/posts\/93\/revisions\/1042"}],"wp:featuredmedia":[{"embeddable":true,"href":"https:\/\/www.animalist.eu\/index.php?rest_route=\/wp\/v2\/media\/222"}],"wp:attachment":[{"href":"https:\/\/www.animalist.eu\/index.php?rest_route=%2Fwp%2Fv2%2Fmedia&parent=93"}],"wp:term":[{"taxonomy":"category","embeddable":true,"href":"https:\/\/www.animalist.eu\/index.php?rest_route=%2Fwp%2Fv2%2Fcategories&post=93"},{"taxonomy":"post_tag","embeddable":true,"href":"https:\/\/www.animalist.eu\/index.php?rest_route=%2Fwp%2Fv2%2Ftags&post=93"}],"curies":[{"name":"wp","href":"https:\/\/api.w.org\/{rel}","templated":true}]}}