{"id":4876,"date":"2026-03-04T14:16:55","date_gmt":"2026-03-04T13:16:55","guid":{"rendered":"https:\/\/www.animalist.eu\/?p=4876"},"modified":"2026-03-04T14:16:55","modified_gmt":"2026-03-04T13:16:55","slug":"animalist-br-270","status":"publish","type":"post","link":"https:\/\/www.animalist.eu\/?p=4876","title":{"rendered":"Animalist br. 270"},"content":{"rendered":"<h4><strong><span style=\"color: #00ac97;\">Prosvjed protiv \u201cpili\u0107arske ekobombe\u201d<\/span><\/strong><\/h4>\n<p><div class=\"one_fourth\"><img loading=\"lazy\" class=\"alignnone wp-image-2114 size-full\" src=\"http:\/\/www.animalist.eu\/wp-content\/uploads\/2026\/03\/prosvjed-2026.jpg\" alt=\"\" width=\"250\" height=\"225\" \/><\/div>Zajedno sa Zelenom akcijom te gra\u0111anskim inicijativama Si\u0161\u010dani ne \u017eele biti Smetli\u0161\u0107ani i Sunjani ne \u017eele biti smuljani, uz potporu drugih udruga i inicijativa, u subotu 21. velja\u010de u 10 sati na Trgu kralja Tomislava u Zagrebu <a href=\"https:\/\/prijatelji-zivotinja.us5.list-manage.com\/track\/click?u=4360691aa7852fa3061ad29fe&amp;id=db0aecb99b&amp;e=579f0cbf0e\">organiziramo prosvjed<\/a> protiv takozvane \u201e<a href=\"https:\/\/prijatelji-zivotinja.us5.list-manage.com\/track\/click?u=4360691aa7852fa3061ad29fe&amp;id=95276a9014&amp;e=579f0cbf0e\">pili\u0107arske ekobombe<\/a>\u201d. Protiv tih projekata smo ve\u0107 <a href=\"https:\/\/prijatelji-zivotinja.us5.list-manage.com\/track\/click?u=4360691aa7852fa3061ad29fe&amp;id=d7ade906ad&amp;e=579f0cbf0e\">odr\u017eali akciju<\/a> ispred Ministarstva za\u0161tite okoli\u0161a i zelene tranzicije i zatra\u017eili da <a href=\"https:\/\/prijatelji-zivotinja.us5.list-manage.com\/track\/click?u=4360691aa7852fa3061ad29fe&amp;id=605babb677&amp;e=579f0cbf0e\">odbaci planove<\/a> te naglasili da Sisa\u010dko-moslava\u010dka \u017eupanija <a href=\"https:\/\/prijatelji-zivotinja.us5.list-manage.com\/track\/click?u=4360691aa7852fa3061ad29fe&amp;id=1f6d358240&amp;e=579f0cbf0e\">ne smije postati Mordor<\/a>. Napisali smo i <a href=\"https:\/\/prijatelji-zivotinja.us5.list-manage.com\/track\/click?u=4360691aa7852fa3061ad29fe&amp;id=2735ae2999&amp;e=579f0cbf0e\">primjedbe na Studiju<\/a> o utjecaju na okoli\u0161 te poslali dopise mnogim institucijama i nadle\u017enim tijelima (<a href=\"https:\/\/prijatelji-zivotinja.us5.list-manage.com\/track\/click?u=4360691aa7852fa3061ad29fe&amp;id=9b709bb9cb&amp;e=579f0cbf0e\">1<\/a>,<a href=\"https:\/\/prijatelji-zivotinja.us5.list-manage.com\/track\/click?u=4360691aa7852fa3061ad29fe&amp;id=18a08799ff&amp;e=579f0cbf0e\">2<\/a>,<a href=\"https:\/\/prijatelji-zivotinja.us5.list-manage.com\/track\/click?u=4360691aa7852fa3061ad29fe&amp;id=9e4ad0f9ce&amp;e=579f0cbf0e\">3<\/a>). Vi\u0161e o planiranim projektima saznajte <a href=\"https:\/\/prijatelji-zivotinja.us5.list-manage.com\/track\/click?u=4360691aa7852fa3061ad29fe&amp;id=c10cabc7ab&amp;e=579f0cbf0e\">OVDJE<\/a>. Svakako do\u0111ite na prosvjed i proslijedite poziv dalje!<\/p>\n<hr \/>\n<h4><strong><span style=\"color: #00ac97;\">Veganuary<\/span><\/strong><\/h4>\n<p><div class=\"one_fourth\"><img loading=\"lazy\" class=\"alignnone wp-image-2114 size-full\" src=\"http:\/\/www.animalist.eu\/wp-content\/uploads\/2022\/01\/veganuary.png\" alt=\"\" width=\"250\" height=\"225\" \/><\/div><a href=\"https:\/\/prijatelji-zivotinja.us5.list-manage.com\/track\/click?u=4360691aa7852fa3061ad29fe&amp;id=c99d59ac62&amp;e=579f0cbf0e\">Pozvali smo<\/a> gra\u0111ane da se u sije\u010dnju uklju\u010de u Veganuary, globalni pokret koji poti\u010de sve da daju priliku veganskoj (pre)hrani u novogodi\u0161njoj odluci i kojeg su <a href=\"https:\/\/prijatelji-zivotinja.us5.list-manage.com\/track\/click?u=4360691aa7852fa3061ad29fe&amp;id=cce4914ed2&amp;e=579f0cbf0e\">podr\u017eale brojne poznate osobe<\/a>. U sklopu kampanje, Valentina Balgavi, certificirana nutricionistica specijalizirana za vegansku prehranu, u kratkom videu navela je <a href=\"https:\/\/prijatelji-zivotinja.us5.list-manage.com\/track\/click?u=4360691aa7852fa3061ad29fe&amp;id=a6233813b2&amp;e=579f0cbf0e\">10 razloga<\/a> za\u0161to je Vege izazov odli\u010dna ideja za po\u010detak godine, a Igor Barberi\u0107 <a href=\"https:\/\/prijatelji-zivotinja.us5.list-manage.com\/track\/click?u=4360691aa7852fa3061ad29fe&amp;id=cb465f0a44&amp;e=579f0cbf0e\">je podsjetio<\/a> da se na izazov mo\u017ee prijaviti tijekom cijele godine. Pozivamo vas i da pogledate kratki animirani <a href=\"https:\/\/prijatelji-zivotinja.us5.list-manage.com\/track\/click?u=4360691aa7852fa3061ad29fe&amp;id=ef8a419b62&amp;e=579f0cbf0e\">film Uto\u010di\u0161te<\/a>.<\/p>\n<hr \/>\n<h4><strong><span style=\"color: #00ac97;\">Napu\u0161teni \u0161tenci<\/span><\/strong><\/h4>\n<p><div class=\"one_fourth\"><img loading=\"lazy\" class=\"alignnone wp-image-2114 size-full\" src=\"http:\/\/www.animalist.eu\/wp-content\/uploads\/2024\/05\/stenci-spasavanje.jpg\" alt=\"\" width=\"250\" height=\"225\" \/><\/div>Povodom slu\u010daja <a href=\"https:\/\/prijatelji-zivotinja.us5.list-manage.com\/track\/click?u=4360691aa7852fa3061ad29fe&amp;id=18a9b7a861&amp;e=579f0cbf0e\">ostavljanja sedam \u0161tenaca<\/a> u mjestu Lukavec pokraj Zagreba, podnijeli smo Op\u0107inskom dr\u017eavnom odvjetni\u0161tvu kaznenu prijavu protiv dvije \u017eenske osobe zbog sumnje na kazneno djelo napu\u0161tanja \u017eivotinja s posljedicom smrti. Tako\u0111er smo poslali <a href=\"https:\/\/prijatelji-zivotinja.us5.list-manage.com\/track\/click?u=4360691aa7852fa3061ad29fe&amp;id=f70ed8f988&amp;e=579f0cbf0e\">dopis Gradu Velikoj Gorici<\/a> i naglasili da se ova smrt <a href=\"https:\/\/prijatelji-zivotinja.us5.list-manage.com\/track\/click?u=4360691aa7852fa3061ad29fe&amp;id=ccd98cd3b7&amp;e=579f0cbf0e\">mogla sprije\u010diti<\/a> provo\u0111enjem zakonskih obaveza kao \u0161to je financiranje kastracija, kontrola mikro\u010dipiranja i edukacija.<br \/>\n<span class=\"\"><br \/>\n<\/span><\/p>\n<hr \/>\n<h4><strong><span style=\"color: #00ac97;\">Pirotehnika<\/span><\/strong><\/h4>\n<p><div class=\"one_fourth\"><img loading=\"lazy\" class=\"alignnone wp-image-2114 size-full\" src=\"http:\/\/www.animalist.eu\/wp-content\/uploads\/2025\/05\/pirotehnika.jpg\" alt=\"\" width=\"250\" height=\"225\" \/><\/div><a href=\"https:\/\/prijatelji-zivotinja.us5.list-manage.com\/track\/click?u=4360691aa7852fa3061ad29fe&amp;id=2c6b7d3422&amp;e=579f0cbf0e\">Javili smo<\/a> da je ove zime od posljedica uporabe pirotehni\u010dkih sredstava ozlije\u0111ena ukupno 41 osoba, od \u010dega 13 te\u0161ko i 28 lak\u0161e. Me\u0111u te\u0161ko ozlije\u0111enima je sedmero djece mla\u0111e od 14 godina i troje maloljetnika mla\u0111ih od 18. <a href=\"https:\/\/prijatelji-zivotinja.us5.list-manage.com\/track\/click?u=4360691aa7852fa3061ad29fe&amp;id=2eccb1e00a&amp;e=579f0cbf0e\">Podsjetili smo na apsurd<\/a> u zakonu gdje se prvo sve dozvoli, a onda se apelira na razum i poziva gra\u0111ane da ne koriste pirotehniku. Jo\u0161 jednom smo podsjetili i na na\u0161e zahtjeve za zabranu sve bu\u010dne pirotehnike.<br \/>\n<span class=\"\"><br \/>\n<\/span><\/p>\n<hr \/>\n<h4><strong><span style=\"color: #00ac97;\">As eko<\/span><\/strong><\/h4>\n<p><div class=\"one_fourth\"><img loading=\"lazy\" class=\"alignnone wp-image-2114 size-full\" src=\"http:\/\/www.animalist.eu\/wp-content\/uploads\/2020\/08\/skloni\u0161te.jpg\" alt=\"\" width=\"250\" height=\"225\" \/><\/div>Povodom utvr\u0111enih nepravilnosti u skloni\u0161tu As-Eko, <a href=\"https:\/\/prijatelji-zivotinja.us5.list-manage.com\/track\/click?u=4360691aa7852fa3061ad29fe&amp;id=c2b45c13ab&amp;e=579f0cbf0e\">pisali smo<\/a> gradona\u010delnicima <a href=\"https:\/\/prijatelji-zivotinja.us5.list-manage.com\/track\/click?u=4360691aa7852fa3061ad29fe&amp;id=af9d37abe7&amp;e=579f0cbf0e\">\u0160ibenika<\/a> i <a href=\"https:\/\/prijatelji-zivotinja.us5.list-manage.com\/track\/click?u=4360691aa7852fa3061ad29fe&amp;id=04c07c06d6&amp;e=579f0cbf0e\">Splita<\/a> da osnuju gradsko skloni\u0161te te podnijeli <a href=\"https:\/\/prijatelji-zivotinja.us5.list-manage.com\/track\/click?u=4360691aa7852fa3061ad29fe&amp;id=88f267f1f6&amp;e=579f0cbf0e\">kaznenu prijavu<\/a> protiv skloni\u0161ta zbog <a href=\"https:\/\/prijatelji-zivotinja.us5.list-manage.com\/track\/click?u=4360691aa7852fa3061ad29fe&amp;id=5c8b344846&amp;e=579f0cbf0e\">te\u0161kog zanemarivanja pasa<\/a>, op\u0107enite nebrige i nepru\u017eanja osnovnih uvjeta. Podsjetili smo da smo protiv tog skloni\u0161ta inspekciji slali ve\u0107 vi\u0161e prijava te da gradovi i op\u0107ine snose dio odgovornosti.<br \/>\n<span class=\"\"><\/span><br \/>\n<span class=\"\"><\/span><br \/>\n<span class=\"\"><\/span><\/p>\n<hr \/>\n<h4><strong><span style=\"color: #00ac97;\">Ne dopustite da se smrznu vani<\/span><\/strong><\/h4>\n<p><div class=\"one_fourth\"><img loading=\"lazy\" class=\"alignnone wp-image-2114 size-full\" src=\"http:\/\/www.animalist.eu\/wp-content\/uploads\/2020\/12\/pixabay_skloniste.jpg\" alt=\"\" width=\"250\" height=\"225\" \/><\/div>Nakon \u0161to su najavljeni ekstremni zimski uvjeti i ledeni val ukazali smo da \u0107e tisu\u0107e pasa diljem Hrvatske ostati <a href=\"https:\/\/prijatelji-zivotinja.us5.list-manage.com\/track\/click?u=4360691aa7852fa3061ad29fe&amp;id=befacd788e&amp;e=579f0cbf0e\">vezane lancem na otvorenom<\/a>, \u010desto bez ku\u0107ica i bez mogu\u0107nosti sklanjanja od hladno\u0107e. Apelirali smo na sve gra\u0111ane da puste pse i ma\u010dke u ku\u0107e, gara\u017ee ili bilo koji zatvoren i za\u0161ti\u0107en prostor.<br \/>\n<span class=\"\"><\/span><br \/>\n<span class=\"\"><\/span><br \/>\n<span class=\"\"><\/span><br \/>\n<span class=\"\"><\/span><\/p>\n<hr \/>\n<h4><strong><span style=\"color: #00ac97;\">Pri\u010da sa sela<\/span><\/strong><\/h4>\n<p><div class=\"one_fourth\"><img loading=\"lazy\" class=\"alignnone wp-image-2114 size-full\" src=\"http:\/\/www.animalist.eu\/wp-content\/uploads\/2026\/01\/prica-sa-sela.jpg\" alt=\"\" width=\"250\" height=\"225\" \/><\/div>22. sije\u010dnja u zagreba\u010dkoj Booksi <a href=\"https:\/\/prijatelji-zivotinja.us5.list-manage.com\/track\/click?u=4360691aa7852fa3061ad29fe&amp;id=b98cb15794&amp;e=579f0cbf0e\">organizirali smo razgovor<\/a> o autobiografskoj slikoknjizi \u201ePri\u010da sa sela\u201d. Na tribini je sudjelovao autor Luka Oman i ilustratorica Kaja Kajfe\u017e, koji su govorili o nastanku knjige, osobnom iskustvu, zna\u010denju ovog projekta za njih te o granici izme\u0111u sje\u0107anja, umjetnosti i stvarnosti.<br \/>\n<span class=\"\"><\/span><br \/>\n<span class=\"\"><\/span><br \/>\n<span class=\"\"><\/span><br \/>\n<span class=\"\"><\/span><\/p>\n<hr \/>\n<h4><strong><span style=\"color: #00ac97;\">30 godina V-labela<\/span><\/strong><\/h4>\n<p><div class=\"one_fourth\"><img loading=\"lazy\" class=\"alignnone wp-image-2114 size-full\" src=\"http:\/\/www.animalist.eu\/wp-content\/uploads\/2024\/07\/v-label.jpg\" alt=\"\" width=\"250\" height=\"225\" \/><\/div>Javili smo da V-Label, globalno prepoznata oznaka za veganske i vegetarijanske proizvode, ove godine <a href=\"https:\/\/prijatelji-zivotinja.us5.list-manage.com\/track\/click?u=4360691aa7852fa3061ad29fe&amp;id=9977b70915&amp;e=579f0cbf0e\">obilje\u017eava 30. obljetnicu<\/a>. Oznaka se danas nalazi na vi\u0161e od 70 000 proizvoda vi\u0161e od 4800 tvrtki na svim kontinentima. Zahvaljuju\u0107i V-Labelu, svatko odmah zna da je proizvod biljni i da ne sadr\u017ei sastojke \u017eivotinjskog podrijetla te promi\u010de transparentnost, povjerenje i eti\u010dniji izbor. Istra\u017eivanja pokazuju da potro\u0161a\u010di preferiraju proizvode s V-Labelom, neovisno o njihovoj prehrani.<br \/>\n<span class=\"\"><\/span><br \/>\n<span class=\"\"><\/span><\/p>\n<hr \/>\n<h4><strong><span style=\"color: #00ac97;\">Blic vijesti<\/span><\/strong><\/h4>\n<ul>\n<li>Sudjelovali smo na <a href=\"https:\/\/prijatelji-zivotinja.us5.list-manage.com\/track\/click?u=4360691aa7852fa3061ad29fe&amp;id=aec974072b&amp;e=579f0cbf0e\">sastanaku<\/a> Koordinacijske radne skupine za primjenu propisa iz podru\u010dja za\u0161tite \u017eivotinja u Vara\u017edinu.<\/li>\n<li>Odr\u017eali smo 4 predavanja \u201cNevidljive \u017eivotinje\u201d za u\u010denike srednjih \u0161kola u Zagrebu.<\/li>\n<li>Dali smo intervju za Glas Slavonije o knjizi Pri\u010da sa sela i normalizaciji zla.<\/li>\n<li>Krajem prvog polugodi\u0161ta <a href=\"https:\/\/prijatelji-zivotinja.us5.list-manage.com\/track\/click?u=4360691aa7852fa3061ad29fe&amp;id=c568c4a125&amp;e=579f0cbf0e\">posjetili smo<\/a> \u0161kolu u Vugrovcu i odr\u017eali zanimljivo predavanje \u010dlanovima eko grupe.<\/li>\n<li><a href=\"https:\/\/prijatelji-zivotinja.us5.list-manage.com\/track\/click?u=4360691aa7852fa3061ad29fe&amp;id=d97c30aba6&amp;e=579f0cbf0e\">Reagirali smo<\/a> oko slu\u010daja bolesne lisice u \u0160ibeniku.<\/li>\n<li>Pro\u010ditajte \u010dlanak na <a href=\"https:\/\/prijatelji-zivotinja.us5.list-manage.com\/track\/click?u=4360691aa7852fa3061ad29fe&amp;id=f5d477813b&amp;e=579f0cbf0e\">portos.hr<\/a> o slikovnici Pri\u010da sa sela.<\/li>\n<li>Dali smo izjavu za Mre\u017eu tv o psima na lancu.<\/li>\n<li><a href=\"https:\/\/prijatelji-zivotinja.us5.list-manage.com\/track\/click?u=4360691aa7852fa3061ad29fe&amp;id=f6716c56e2&amp;e=579f0cbf0e\">Reagirali smo<\/a> povodom najave izgradnje velikog akvarija u Splitu.<\/li>\n<li>Nastavili smo s ve\u010dernjim \u0161tandovima, svi zainteresirani za sudjelovanje mogu nam se javiti na mail <a href=\"mailto:pz@prijatelji-zivotinja.hr\">pz@prijatelji-zivotinja.hr<\/a>.<\/li>\n<li>Dali smo izjavu za emisiju Prometej oko Pozitivne liste.<\/li>\n<\/ul>\n<hr \/>\n<p>Unato\u010d silnom trudu i brojnim rezultatima, ne mo\u017eemo nastaviti na\u0161 rad za \u017eivotinje bez va\u0161e kontinuirane financijske pomo\u0107i. Podr\u017eite nas trajnim nalogom, <a href=\"http:\/\/www.prijatelji-zivotinja.hr\/index.hr.php?id=857\" target=\"_blank\" rel=\"noopener\">donacijom i uplatom godi\u0161nje \u010dlanarine<\/a>. I nekoliko kuna mjese\u010dno mo\u017ee nam puno zna\u010diti. Hvala vam svima!<\/p>\n<p>Va\u0161i Prijatelji \u017eivotinja<\/p>\n<p>Pratite nas na na\u0161im dru\u0161tvenim mre\u017eama: <a href=\"https:\/\/twitter.com\/afcroatia\" target=\"_blank\" rel=\"noopener\">Twitter<\/a>, <a href=\"https:\/\/www.facebook.com\/prijateljizivotinjahr\/\" target=\"_blank\" rel=\"noopener\">Facebook<\/a>, <a href=\"https:\/\/www.linkedin.com\/in\/prijatelji-%C5%BEivotinja-765a0a29\/\" target=\"_blank\" rel=\"noopener\">LinkedIn<\/a>, <a href=\"https:\/\/www.instagram.com\/animalfriendscroatia\/\" target=\"_blank\" rel=\"noopener\">Instagram<\/a> i <a href=\"https:\/\/www.youtube.com\/user\/afcroatia\/\" target=\"_blank\" rel=\"noopener\">YouTube<\/a>.<\/p>\n","protected":false},"excerpt":{"rendered":"<p>Prosvjed protiv \u201cpili\u0107arske ekobombe\u201d Zajedno sa Zelenom akcijom te gra\u0111anskim inicijativama Si\u0161\u010dani ne \u017eele biti Smetli\u0161\u0107ani i Sunjani ne \u017eele biti smuljani, uz potporu drugih udruga i inicijativa, u subotu 21. velja\u010de u 10 sati na Trgu kralja Tomislava u Zagrebu organiziramo prosvjed protiv takozvane \u201epili\u0107arske ekobombe\u201d. Protiv tih projekata smo ve\u0107 odr\u017eali akciju ispred [&hellip;]<\/p>\n","protected":false},"author":1,"featured_media":0,"comment_status":"closed","ping_status":"closed","sticky":false,"template":"","format":"standard","meta":[],"categories":[67],"tags":[],"_links":{"self":[{"href":"https:\/\/www.animalist.eu\/index.php?rest_route=\/wp\/v2\/posts\/4876"}],"collection":[{"href":"https:\/\/www.animalist.eu\/index.php?rest_route=\/wp\/v2\/posts"}],"about":[{"href":"https:\/\/www.animalist.eu\/index.php?rest_route=\/wp\/v2\/types\/post"}],"author":[{"embeddable":true,"href":"https:\/\/www.animalist.eu\/index.php?rest_route=\/wp\/v2\/users\/1"}],"replies":[{"embeddable":true,"href":"https:\/\/www.animalist.eu\/index.php?rest_route=%2Fwp%2Fv2%2Fcomments&post=4876"}],"version-history":[{"count":10,"href":"https:\/\/www.animalist.eu\/index.php?rest_route=\/wp\/v2\/posts\/4876\/revisions"}],"predecessor-version":[{"id":4887,"href":"https:\/\/www.animalist.eu\/index.php?rest_route=\/wp\/v2\/posts\/4876\/revisions\/4887"}],"wp:attachment":[{"href":"https:\/\/www.animalist.eu\/index.php?rest_route=%2Fwp%2Fv2%2Fmedia&parent=4876"}],"wp:term":[{"taxonomy":"category","embeddable":true,"href":"https:\/\/www.animalist.eu\/index.php?rest_route=%2Fwp%2Fv2%2Fcategories&post=4876"},{"taxonomy":"post_tag","embeddable":true,"href":"https:\/\/www.animalist.eu\/index.php?rest_route=%2Fwp%2Fv2%2Ftags&post=4876"}],"curies":[{"name":"wp","href":"https:\/\/api.w.org\/{rel}","templated":true}]}}