{"id":4674,"date":"2024-12-10T14:10:11","date_gmt":"2024-12-10T13:10:11","guid":{"rendered":"https:\/\/www.animalist.eu\/?p=4674"},"modified":"2024-12-10T14:10:11","modified_gmt":"2024-12-10T13:10:11","slug":"animalist-br-258","status":"publish","type":"post","link":"https:\/\/www.animalist.eu\/?p=4674","title":{"rendered":"Animalist br. 258"},"content":{"rendered":"<h4><strong><span style=\"color: #00ac97;\">Birali biljno, jeli fino<\/span><\/strong><\/h4>\n<p><div class=\"one_fourth\"><img loading=\"lazy\" class=\"alignnone wp-image-2114 size-full\" src=\"http:\/\/www.animalist.eu\/wp-content\/uploads\/2024\/12\/lidl.jpg\" alt=\"\" width=\"250\" height=\"225\" \/><\/div>Odr\u017eali smo <a href=\"https:\/\/www.prijatelji-zivotinja.hr\/index.hr.php?id=4916\" rel=\"noopener\" target=\"_blank\">degustaciju<\/a> na Trgu bana Jela\u010di\u0107a te prezentirali jela iz nove edukativne kuharice objavljene u suradnji s Lidlom. Recepte za sve prezentirano mogu se vidjeti online: \u201e<a href=\"https:\/\/www.lidl.hr\/c\/biraj-biljno-jedi-fino\/s10058316\" rel=\"noopener\" target=\"_blank\">Biraj biljno, jedi fino<\/a>\u201d. Prolaznici koji su pogodili za koliki je postotak manji uglji\u010dni otisak za odre\u0111ena biljna jela, dobili su prigodan dar. Kuharica sadr\u017ei i <a href=\"https:\/\/www.prijatelji-zivotinja.hr\/index.hr.php?id=4913\" rel=\"noopener\" target=\"_blank\">zanimljive podatke<\/a> poput toga da se kori\u0161tenjem biljnog mljevenog mesa u receptima poput bureka, sarme ili punjenih paprika mo\u017ee smanjiti uglji\u010dni otisak za \u010dak 93 %. Fotogaleriju akcije pogledajte <a href=\"https:\/\/www.prijatelji-zivotinja.hr\/index.hr.php?id=4914\" rel=\"noopener\" target=\"_blank\">ovdje<\/a>.<br \/>\n<span class=\"\"><\/p>\n<hr \/>\n<h4><strong><span style=\"color: #00ac97;\">Isplativije je financirati kastracije<\/span><\/strong><\/h4>\n<p><div class=\"one_fourth\"><img loading=\"lazy\" class=\"alignnone wp-image-2114 size-full\" src=\"http:\/\/www.animalist.eu\/wp-content\/uploads\/2024\/12\/kastracije.jpg\" alt=\"\" width=\"250\" height=\"225\" \/><\/div>Javili smo da Grad Zagreb kre\u0107e sa <a href=\"https:\/\/www.prijatelji-zivotinja.hr\/index.hr.php?id=4915\" rel=\"noopener\" target=\"_blank\">sufinanciranjem kastracija<\/a> pasa i to u iznosu od 75 eura za kastraciju \u017eenke psa i 50 eura za kastraciju mu\u017ejaka. Ujedno smo pohvalili sve gradove i op\u0107ine koji financiraju kastracije skrbni\u010dkih pasa i ma\u010daka \u0161to se dosad pokazala kao najbolji na\u010din kontrole populacije napu\u0161tenih \u017eivotinja. Pozvali smo sve JLS-ove i JRS-ove da u prora\u010dunu za 2025. izdvoje sredstva i za financiranje kastracija.<br \/>\n<span class=\"\"><br \/>\n<span class=\"\"><\/p>\n<hr \/>\n<h4><strong><span style=\"color: #00ac97;\">Nezakonito ogla\u0161avanje pasa<\/span><\/strong><\/h4>\n<p><div class=\"one_fourth\"><img loading=\"lazy\" class=\"alignnone wp-image-2114 size-full\" src=\"http:\/\/www.animalist.eu\/wp-content\/uploads\/2024\/12\/mikrocipiranje.png\" alt=\"\" width=\"250\" height=\"225\" \/><\/div>Nakon slu\u010daja ogla\u0161avanja nemikro\u010dipiranih pasa gdje su nadle\u017ene institucije postupili sukladno prijavi, lokalni medij objavio je \u017ealbu nezadovoljne gospo\u0111e. <a href=\"https:\/\/www.prijatelji-zivotinja.hr\/index.hr.php?id=4917\" rel=\"noopener\" target=\"_blank\">Odgovorili smo<\/a> da obaveza mikro\u010dipiranja pasa postoji ve\u0107 20 godina, obaveza da osoba koja ogla\u0161ava psa mora objaviti brojeve mikro\u010dipova psa i majke psa ve\u0107 7 godina, a obaveza da se svi psi prije prodaje ili udomljavanja moraju mikro\u010dipirati ve\u0107 dvije godine. Pozvali smo gra\u0111ane da po\u0161tuju propise, a medije da edukacijom podr\u017ee napore da se postupa sukladno zakonskim odredbama.<br \/>\n<span class=\"\"><\/p>\n<hr \/>\n<h4><strong><span style=\"color: #00ac97;\">Uvo\u0111enje rastro\u0161nog mu\u010denja konja<\/span><\/strong><\/h4>\n<p><div class=\"one_fourth\"><img loading=\"lazy\" class=\"alignnone wp-image-2114 size-full\" src=\"http:\/\/www.animalist.eu\/wp-content\/uploads\/2024\/12\/konj.jpg\" alt=\"\" width=\"250\" height=\"225\" \/><\/div><a href=\"https:\/\/www.prijatelji-zivotinja.hr\/index.hr.php?id=4918\" rel=\"noopener\" target=\"_blank\">Javili smo<\/a> da smo neugodno iznena\u0111eni najavama za uvo\u0111enje policijske konjice s obzirom na to da kori\u0161tenje konja u policiji nije u duhu Zakona o za\u0161titi \u017eivotinja kao ni interesima gra\u0111ana Hrvatske. <a href=\"https:\/\/www.prijatelji-zivotinja.hr\/index.hr.php?id=4920\" rel=\"noopener\" target=\"_blank\">Uputili smo dopise<\/a> ministru Bo\u017einovi\u0107u i ministru Dabri u kojima tra\u017eimo da odustanu od te neprimjerene ideje jer je nabava konja za policiju iznimno skupa, problemati\u010dna i nerazumna.<br \/>\n<span class=\"\"><br \/>\n<span class=\"\"><br \/>\n<span class=\"\"><\/p>\n<hr \/>\n<h4><strong><span style=\"color: #00ac97;\">Problem davanja dr\u017eavnih poticaja<\/span><\/strong><\/h4>\n<p><div class=\"one_fourth\"><img loading=\"lazy\" class=\"alignnone wp-image-2114 size-full\" src=\"http:\/\/www.animalist.eu\/wp-content\/uploads\/2024\/12\/zanemarene-zivotinje.jpg\" alt=\"\" width=\"250\" height=\"225\" \/><\/div>Nakon \u0161to je u medijima objavljena horor-pri\u010da o Stojanu Vitanovi\u0107u i njegovu katastrofalnom dr\u017eanju stoke kod Kri\u017eevaca, <a href=\"https:\/\/www.prijatelji-zivotinja.hr\/index.hr.php?id=4922\" rel=\"noopener\" target=\"_blank\">podnijeli smo kaznenu prijavu<\/a> zbog ubijanja i mu\u010denja \u017eivotinja. Predlo\u017eili smo maksimalnu kaznu zatvora i izricanje sigurnosne mjere zabrane dr\u017eanja i nabavljanja \u017eivotinja u maksimalnom trajanju. Tako\u0111er smo <a href=\"https:\/\/www.prijatelji-zivotinja.hr\/index.hr.php?id=4921\" rel=\"noopener\" target=\"_blank\">uputili dopis<\/a> ministru poljoprivrede u kojemu smo upozorili na problem davanja dr\u017eavnih potpora bez ikakve kontrole na\u010dina dr\u017eanja \u017eivotinja.<br \/>\n<span class=\"\"><br \/>\n<span class=\"\"><\/p>\n<hr \/>\n<h4><strong><span style=\"color: #00ac97;\">Policijska konjica kao pogodovanje?<\/span><\/strong><\/h4>\n<p><div class=\"one_fourth\"><img loading=\"lazy\" class=\"alignnone wp-image-2114 size-full\" src=\"http:\/\/www.animalist.eu\/wp-content\/uploads\/2024\/12\/konjica.png\" alt=\"\" width=\"250\" height=\"225\" \/><\/div>Pisali smo premijeru Plenkovi\u0107u i zatra\u017eili da se zauzme da se u policiju <a href=\"https:\/\/www.prijatelji-zivotinja.hr\/index.hr.php?id=4929\" rel=\"noopener\" target=\"_blank\">ne uvodi konjica<\/a> koja je s razlogom ukinuta prije 20 godina, a <a href=\"https:\/\/www.prijatelji-zivotinja.hr\/index.hr.php?id=4929\" rel=\"noopener\" target=\"_blank\">podsjetili smo<\/a> i da je MUP prije dvije godine izjavio da ne razmatraju uvo\u0111enje konjice. Javili su nam se neki gra\u0111ani koji smatraju da je sve <a href=\"https:\/\/www.tportal.hr\/vijesti\/clanak\/policija-podnijela-kaznenu-prijavu-protiv-mladog-jastreba-20130531\" rel=\"noopener\" target=\"_blank\">ideja jednog od savjetnika<\/a> ministra poljoprivrede koji ima izravan interes u uzgoju konja. Hrvatski gra\u0111ani ne \u017eele financirati patnju konja radi slu\u017eenja policiji, \u0161to pokazuju i rezultati javnih anketa.<br \/>\n<span class=\"\"><br \/>\n<span class=\"\"><\/p>\n<hr \/>\n<h4><strong><span style=\"color: #00ac97;\">Pet savjeta o odgovornoj skrbi za ku\u0107ne ljubimce<\/span><\/strong><\/h4>\n<p><div class=\"one_fourth\"><img loading=\"lazy\" class=\"alignnone wp-image-2114 size-full\" src=\"http:\/\/www.animalist.eu\/wp-content\/uploads\/2024\/12\/odgovorno-skrbnistvo.jpg\" alt=\"\" width=\"250\" height=\"225\" \/><\/div>Svjetski dan ku\u0107nih ljubimaca podsje\u0107a na va\u017enost odgovornog udomljavanja i skrbi o psima, ma\u010dkama, kuni\u0107ima i drugim \u017eivotinjama s kojima ljudi \u017eive. Ku\u0107ne \u017eivotinje nisu igra\u010dke ni privremena kratkotrajna zabava, nego osje\u0107ajna bi\u0107a koja tra\u017ee brigu 15 do 20 godina. Onaj tko nema vremena, uvjete i financijsku mogu\u0107nost za skrb o \u017eivotinji ne bi ju trebao ni uzimati jer oni ina\u010de zavr\u0161avaju odba\u010deni i na skrbi skloni\u0161ta. Savjete mo\u017eete pro\u010ditati <a href=\"https:\/\/www.prijatelji-zivotinja.hr\/index.hr.php?id=4925\" rel=\"noopener\" target=\"_blank\">ovdje.<\/a><br \/>\n<span class=\"\"><br \/>\n<span class=\"\"><\/p>\n<hr \/>\n<h4><strong><span style=\"color: #00ac97;\">Hrvatska obilato financira lovce<\/span><\/strong><\/h4>\n<p><div class=\"one_fourth\"><img loading=\"lazy\" class=\"alignnone wp-image-2114 size-full\" src=\"http:\/\/www.animalist.eu\/wp-content\/uploads\/2024\/12\/lovac.jpg\" alt=\"\" width=\"250\" height=\"225\" \/><\/div>Na <a href=\"https:\/\/www.prijatelji-zivotinja.hr\/index.hr.php?id=4926\" rel=\"noopener\" target=\"_blank\">Dan protiv lova<\/a> smo javili da su lovci pro\u0161le godine u Hrvatskoj ubili skoro 300 tisu\u0107a ze\u010deva, divljih svinja, jelena, srna, ptica i drugih divljih \u017eivotinja. Za lovce se iz prora\u010duna izdvajaju goleme koli\u010dine novca, a pritom nam gra\u0111ani dojavljuju da se prekr\u0161aji i lovaca i krivolovaca rijetko kada ka\u017enjavaju. Zapljene velikoga broja ilegalno ubijenih \u017eivotinja na granicama jasno ukazuju da dr\u017eavljani drugih zemalja ne bi mogli organizirati lov u Hrvatskoj da nemaju pomo\u0107 lokalnih lovaca, kojima stranci pla\u0107aju od 500 do \u010dak 15000 eura po \u017eivotinji.<br \/>\n<span class=\"\"><\/p>\n<hr \/>\n<h4><strong><span style=\"color: #00ac97;\">Zabranom kolinja nitko ne bi propao<\/span><\/strong><\/h4>\n<p><div class=\"one_fourth\"><img loading=\"lazy\" class=\"alignnone wp-image-2114 size-full\" src=\"http:\/\/www.animalist.eu\/wp-content\/uploads\/2024\/12\/svinja.png\" alt=\"\" width=\"250\" height=\"225\" \/><\/div>Prema podacima Dr\u017eavnog zavoda za statistiku, u 2023. godini u klaonicama su zaklane 1 061 492 svinje, a na doma\u0107im gospodarstvima 1 524 588 svinja. Kolinja po seoskim dvori\u0161tima <a href=\"https:\/\/www.prijatelji-zivotinja.hr\/index.hr.php?id=4930\" rel=\"noopener\" target=\"_blank\">poseban su horor<\/a> jer se odvijaju bez ikakve kontrole je li provedeno omamljivanje i postupa li se sukladno zakonskim propisima. Tvrdnja da je kolinje tradicija o kojoj ovisi egzistencija seljaka jednostavno ne dr\u017ei vodu. Zagovornici ropstva istim argumentima zagovarali su u\u017ease robovlasni\u0161tva pa na kraju ekonomija nijedne dr\u017eave nije zato propala. Isto tako prestankom kolinja niti \u0107e seljaci biti gladni niti \u0107e se ljudi masovno iseljavati iz Hrvatske niti \u0107e itko propasti.<br \/>\n<span class=\"\"><\/p>\n<hr \/>\n<h4><strong><span style=\"color: #00ac97;\">Ruganje zakonskoj zabrani petardi<\/span><\/strong><\/h4>\n<p><div class=\"one_fourth\"><img loading=\"lazy\" class=\"alignnone wp-image-2114 size-full\" src=\"http:\/\/www.animalist.eu\/wp-content\/uploads\/2024\/12\/pirotehnika.jpg\" alt=\"\" width=\"250\" height=\"225\" \/><\/div><a href=\"https:\/\/www.prijatelji-zivotinja.hr\/index.hr.php?id=4931\" rel=\"noopener\" target=\"_blank\">Pisali smo ministru<\/a> Bo\u017einovi\u0107u kako bi ukazali na problem uporabe zabranjene pirotehnike i potrebe da se uvede dodatna kontrola njezina kori\u0161tenja i prodaje. Tako\u0111er smo poslali dopise svim \u0161kolama i zamolili ih da pro\u0161ire informacije o opasnostima i zabrani pirotehnike. Upozorili smo MUP da su se na tr\u017ei\u0161tu pojavila nova pirotehni\u010dka sredstva, tzv. zra\u010dne bombe koje distributeri pirotehnike hvale se da se ja\u010dinom zvuka mogu natjecati s najja\u010dim petardama \u010dime se otvoreno rugaju zakonskoj zabrani petardi i poku\u0161avaju ju zaobi\u0107i rupama u zakonu.<br \/>\n<span class=\"\"><\/p>\n<hr \/>\n<h4><strong><span style=\"color: #00ac97;\">Blic vijesti<\/span><\/strong><\/h4>\n<ul>\n<li>Pro\u010ditajte <a href=\"https:\/\/www.prijatelji-zivotinja.hr\/index.hr.php?id=4919\" rel=\"noopener\" target=\"_blank\">zapisnik s 33. sastanka<\/a> Mre\u017ee za za\u0161titu \u017eivotinja.  <\/li>\n<li>Odr\u017eali smo dru\u017eenje volontera u na\u0161im prostorijama na kojem je predstavljena nova aktivisti\u010dka grupa WTF. <a href=\"https:\/\/www.prijatelji-zivotinja.hr\/index.hr.php?id=4928\" rel=\"noopener\" target=\"_blank\">Ovdje<\/a> pogledajte kako nam je bilo.<\/li>\n<li><a href=\"https:\/\/www.prijatelji-zivotinja.hr\/index.hr.php?id=4927\" rel=\"noopener\" target=\"_blank\">Pro\u010ditajte \u010dlanak<\/a> Lovci i postupanje prema psima i ma\u010dkama.  <\/li>\n<li>Dali smo <a href=\"https:\/\/zagrebi.hr\/ludi-za-lovom-4-ekolozi-drzava-daje-milijune-eura-lovcima-ubojicama-zivotinja-koji-cesto-pomazu-krivolovcima\/\" rel=\"noopener\" target=\"_blank\">izjavu<\/a> vezano za lovce.<\/li>\n<li>Zatra\u017eili smo nadzor oko nelegalnog uzgoja pasa u Zagrebu<\/li>\n<li>Poslali smo prijavu za zanemarivanje i zlostavljanje psa u Vrbanji.<\/li>\n<li>Sudjelovali smo na sastanku u Ministarstvu poljoprivrede, \u0161umarstva i ribarstva. <\/li>\n<li>Prijavili smo za kazneno djelo napu\u0161tanje \u017eivotinja osobu koja je na podru\u010dju industrijske zone Lug u Ozlju ostavila u plasti\u010dnoj vre\u0107ici tri ma\u010di\u0107a.<\/li>\n<li>Zatra\u017eili smo uklju\u010divanje na\u0161e udruge u radnu verziju sustava Jedinstvenog informacijskog centra kako bismo mogli pridonijeti konstruktivnim i konkretnim prijedlozima oko evidencije napu\u0161tenih \u017eivotinja.<\/li>\n<li>Sudjelovali smo na sastanku s Me\u0111imurskom \u017eupanijom oko problematike napu\u0161tenih \u017eivotinja u romskim naseljima i va\u017enosti provedbe kontrole mikro\u010dipiranja u svim lokalnim zajednicama.<\/li>\n<li>Poslali smo dopis Ministru Bo\u017einovi\u0107u oko bolje provedbe zakona o pirotehn\u010dkim sredstvima.<\/li>\n<li>Zatra\u017eili smo sastanak s DIRH-om na kojemu bismo razgovarali o nala\u017eenju rje\u0161enja za alarmantnu situaciju s napu\u0161tenim \u017eivotinjama u Me\u0111imurskoj \u017eupaniji, prvenstveno zbog velikih problema u romskim naseljima.<\/li>\n<li>Pro\u010ditajte odli\u010dan <a href=\"https:\/\/h-alter.org\/hrvatska\/magarci-na-kvalitetnim-grlima\/\" rel=\"noopener\" target=\"_blank\">\u010dlanak<\/a> Magarci na kvalitetnim grlima<\/li>\n<li>Iskoristite popust na na\u0161em <a href=\"https:\/\/shop.prijatelji-zivotinja.hr\/\" rel=\"noopener\" target=\"_blank\">webshopu<\/a> do 20.12.!   i uplatite \u010dlanarinu za ovu godinu.<\/li>\n<li>Jo\u0161 se stignete <a href=\"https:\/\/docs.google.com\/forms\/d\/e\/1FAIpQLSd4uf90Gp3hgwgSdWMKjVI9ErYqVVjc0maBZzcDoIAnN2hqLA\/viewform\" rel=\"noopener\" target=\"_blank\">prijaviti za performans<\/a> ove subote, 14.12. povodom Me\u0111unarodnog dana prava \u017eivotinja. <\/li>\n<\/ul>\n<hr \/>\n<p>Unato\u010d silnom trudu i brojnim rezultatima, ne mo\u017eemo nastaviti na\u0161 rad za \u017eivotinje bez va\u0161e kontinuirane financijske pomo\u0107i. Podr\u017eite nas trajnim nalogom, <a href=\"http:\/\/www.prijatelji-zivotinja.hr\/index.hr.php?id=857\" target=\"_blank\" rel=\"noopener\">donacijom i uplatom godi\u0161nje \u010dlanarine<\/a>. I nekoliko kuna mjese\u010dno mo\u017ee nam puno zna\u010diti. Hvala vam svima!<\/p>\n<p>Va\u0161i Prijatelji \u017eivotinja<\/p>\n<p>Pratite nas na na\u0161im dru\u0161tvenim mre\u017eama: <a href=\"https:\/\/twitter.com\/afcroatia\" target=\"_blank\" rel=\"noopener\">Twitter<\/a>, <a href=\"https:\/\/www.facebook.com\/prijateljizivotinjahr\/\" target=\"_blank\" rel=\"noopener\">Facebook<\/a>, <a href=\"https:\/\/www.linkedin.com\/in\/prijatelji-%C5%BEivotinja-765a0a29\/\" target=\"_blank\" rel=\"noopener\">LinkedIn<\/a>, <a href=\"https:\/\/www.instagram.com\/animalfriendscroatia\/\" target=\"_blank\" rel=\"noopener\">Instagram<\/a> i <a href=\"https:\/\/www.youtube.com\/user\/afcroatia\/\" target=\"_blank\" rel=\"noopener\">YouTube<\/a>.<a href=\"http:\/\/www.animalist.eu\/wp-content\/uploads\/2018\/11\/text-editor-web.jpg\"><\/p>\n","protected":false},"excerpt":{"rendered":"<p>Birali biljno, jeli fino Odr\u017eali smo degustaciju na Trgu bana Jela\u010di\u0107a te prezentirali jela iz nove edukativne kuharice objavljene u suradnji s Lidlom. Recepte za sve prezentirano mogu se vidjeti online: \u201eBiraj biljno, jedi fino\u201d. Prolaznici koji su pogodili za koliki je postotak manji uglji\u010dni otisak za odre\u0111ena biljna jela, dobili su prigodan dar. Kuharica [&hellip;]<\/p>\n","protected":false},"author":1,"featured_media":0,"comment_status":"closed","ping_status":"closed","sticky":false,"template":"","format":"standard","meta":[],"categories":[65],"tags":[],"_links":{"self":[{"href":"https:\/\/www.animalist.eu\/index.php?rest_route=\/wp\/v2\/posts\/4674"}],"collection":[{"href":"https:\/\/www.animalist.eu\/index.php?rest_route=\/wp\/v2\/posts"}],"about":[{"href":"https:\/\/www.animalist.eu\/index.php?rest_route=\/wp\/v2\/types\/post"}],"author":[{"embeddable":true,"href":"https:\/\/www.animalist.eu\/index.php?rest_route=\/wp\/v2\/users\/1"}],"replies":[{"embeddable":true,"href":"https:\/\/www.animalist.eu\/index.php?rest_route=%2Fwp%2Fv2%2Fcomments&post=4674"}],"version-history":[{"count":5,"href":"https:\/\/www.animalist.eu\/index.php?rest_route=\/wp\/v2\/posts\/4674\/revisions"}],"predecessor-version":[{"id":4689,"href":"https:\/\/www.animalist.eu\/index.php?rest_route=\/wp\/v2\/posts\/4674\/revisions\/4689"}],"wp:attachment":[{"href":"https:\/\/www.animalist.eu\/index.php?rest_route=%2Fwp%2Fv2%2Fmedia&parent=4674"}],"wp:term":[{"taxonomy":"category","embeddable":true,"href":"https:\/\/www.animalist.eu\/index.php?rest_route=%2Fwp%2Fv2%2Fcategories&post=4674"},{"taxonomy":"post_tag","embeddable":true,"href":"https:\/\/www.animalist.eu\/index.php?rest_route=%2Fwp%2Fv2%2Ftags&post=4674"}],"curies":[{"name":"wp","href":"https:\/\/api.w.org\/{rel}","templated":true}]}}