{"id":4572,"date":"2024-05-17T11:11:57","date_gmt":"2024-05-17T09:11:57","guid":{"rendered":"https:\/\/www.animalist.eu\/?p=4572"},"modified":"2024-05-22T12:47:43","modified_gmt":"2024-05-22T10:47:43","slug":"animalist-br-252","status":"publish","type":"post","link":"https:\/\/www.animalist.eu\/?p=4572","title":{"rendered":"Animalist br. 252"},"content":{"rendered":"<h4><strong><span style=\"color: #00ac97;\">Uz biljnu hranu bolji i ljubavni \u017eivot<\/span><\/strong><\/h4>\n<p><div class=\"one_fourth\"><img loading=\"lazy\" class=\"alignnone wp-image-2114 size-full\" src=\"http:\/\/www.animalist.eu\/wp-content\/uploads\/2024\/05\/ljubavni-zivot.jpg\" alt=\"\" width=\"250\" height=\"225\" \/><\/div>Istra\u017eiva\u010di sa Sveu\u010dili\u0161ta <a href=\"https:\/\/www.prijatelji-zivotinja.hr\/index.hr.php?id=4820\" rel=\"noopener\" target=\"_blank\">Stanford zaklju\u010dili su<\/a> da veganska prehrana mo\u017ee pove\u0107ati libido u \u017eena, produljiti mu\u0161karcima erekciju i op\u0107enito pobolj\u0161ati seksualni \u017eivot. O tome je objavljen dokumentarac \u201eOno si \u0161to jede\u0161: Eksperiment s blizancima\u201d. Sudionici su pro\u0161li kroz razne pokuse kako bi se istra\u017eilo kako odre\u0111ena hrana mo\u017ee utjecati na tijelo.<br \/>\n<span class=\"\"><br \/>\n<span class=\"\"><br \/>\n<span class=\"\"><\/p>\n<hr \/>\n<h4><strong><span style=\"color: #00ac97;\">Pojedinci ne smiju protuzakonito spa\u0161avati \u017eivotinje<\/span><\/strong><\/h4>\n<p><div class=\"one_fourth\"><img loading=\"lazy\" class=\"alignnone wp-image-2114 size-full\" src=\"http:\/\/www.animalist.eu\/wp-content\/uploads\/2024\/05\/stenci-spasavanje.jpg\" alt=\"\" width=\"250\" height=\"225\" \/><\/div>Naglasili smo da nas zabrinjava \u0161to propise svakodnevno kr\u0161e veterinari, veterinarska inspekcija, komunalni redari. Me\u0111utim, nitko se ne smije baviti skupljanjem velikoga broja \u017eivotinja i donacija za skrb o njima u svrhu udomljavanja, a da nema skloni\u0161te registrirano pri Ministarstvu poljoprivrede. Ako sami nemaju registrirano skloni\u0161te, moraju imati ugovor sa skloni\u0161tem.<br \/>\n<span class=\"\"><br \/>\n<span class=\"\"><br \/>\n<span class=\"\"><\/p>\n<hr \/>\n<h4><strong><span style=\"color: #00ac97;\">Veganke pomele konkurenciju<\/span><\/strong><\/h4>\n<p><div class=\"one_fourth\"><img loading=\"lazy\" class=\"alignnone wp-image-2114 size-full\" src=\"http:\/\/www.animalist.eu\/wp-content\/uploads\/2024\/05\/dizanje-utega.jpg\" alt=\"\" width=\"250\" height=\"225\" \/><\/div>U Osijeku je 13. i 14. travnja 2024. odr\u017eano Prvenstvo Hrvatske u dizanju utega. Na natjecanju je Ana \u0160pac, dugogodi\u0161nja veganka i na\u0161a volonterka, <a href=\"https:\/\/www.prijatelji-zivotinja.hr\/index.hr.php?id=4825\" rel=\"noopener\" target=\"_blank\">pomela konkurenciju<\/a> i osvojila zlato u \u010dak tri discipline. Na prvenstvu se natjecala i Tihana Majer, tako\u0111er dugogodi\u0161nja veganka. I ona je osvojila tri zlatne medalje te je progla\u0161ena tre\u0107om najboljom diza\u010dicom natjecanja!<br \/>\n<span class=\"\"><br \/>\n<span class=\"\"><br \/>\n<span class=\"\"><\/p>\n<hr \/>\n<h4><strong><span style=\"color: #00ac97;\">Horor Svjetske izlo\u017ebe pasa<\/span><\/strong><\/h4>\n<p><div class=\"one_fourth\"><img loading=\"lazy\" class=\"alignnone wp-image-2114 size-full\" src=\"http:\/\/www.animalist.eu\/wp-content\/uploads\/2024\/05\/izlozba-pasa.jpg\" alt=\"\" width=\"250\" height=\"225\" \/><\/div>Povodom odr\u017eavanja <a href=\"https:\/\/www.prijatelji-zivotinja.hr\/index.hr.php?id=4826\" rel=\"noopener\" target=\"_blank\">Svjetske izlo\u017ebe pasa<\/a> u Hrvatskoj, javili su nam se uzgajiva\u010di koji upozoravaju na veliku patnju pasa s blagoslovom organizatora izlo\u017ebe, Hrvatskog kinolo\u0161kog saveza (HKS). Uzgajiva\u010di tvrde da HKS dodjeljuje rodovnice psima parenima u srodstvu, s bolesnim potomstvom. Navode da tu nema ljubavi prema \u017eivotinjama, ve\u0107 da su psi \u201e\u017ertve gladi za profitom\u201d.<br \/>\n<span class=\"\"><br \/>\n<span class=\"\"><br \/>\n<span class=\"\"><\/p>\n<hr \/>\n<h4><strong><span style=\"color: #00ac97;\">U tijeku je (r)evolucija mesa<\/span><\/strong><\/h4>\n<p><div class=\"one_fourth\"><img loading=\"lazy\" class=\"alignnone wp-image-2114 size-full\" src=\"http:\/\/www.animalist.eu\/wp-content\/uploads\/2024\/05\/revolucija-mesa.jpg\" alt=\"\" width=\"250\" height=\"225\" \/><\/div>U petak 10. svibnja u dvorani OAZA Joyful place <a href=\"https:\/\/www.prijatelji-zivotinja.hr\/index.hr.php?id=4828k\" rel=\"noopener\" target=\"_blank\">odr\u017eali smo<\/a> promociju vodi\u010da \u201e<a href=\"https:\/\/prijatelji-zivotinja.hr\/data\/file_16585.pdf\" rel=\"noopener\" target=\"_blank\">(R)evolucija mesa<\/a>\u201d, korisnog za edukaciju o biljnom mesu. Cilj vodi\u010da je pove\u0107ati ponudu biljnoga mesa u ugostiteljskim objektima. Zato \u0107emo ga <a href=\"https:\/\/www.prijatelji-zivotinja.hr\/index.hr.php?id=4831k\" rel=\"noopener\" target=\"_blank\">poslati besplatno<\/a> na adrese vi\u0161e od 1000 restorana diljem Hrvatske, ali i drugim relevantnim institucijama.<br \/>\n<span class=\"\"><br \/>\n<span class=\"\"><br \/>\n<span class=\"\"><br \/>\n<span class=\"\"><\/p>\n<hr \/>\n<h4><strong><span style=\"color: #00ac97;\">Veterinarska inspekcija dopustila zlostavljanje konja<\/span><\/strong><\/h4>\n<p><div class=\"one_fourth\"><img loading=\"lazy\" class=\"alignnone wp-image-2114 size-full\" src=\"http:\/\/www.animalist.eu\/wp-content\/uploads\/2024\/05\/straparijada.jpg\" alt=\"\" width=\"250\" height=\"225\" \/><\/div>Grubo kr\u0161enje zakona i mu\u010denje konja odvijalo se pred o\u010dima veterinarske inspekcije <a href=\"https:\/\/www.prijatelji-zivotinja.hr\/index.hr.php?id=4829\" rel=\"noopener\" target=\"_blank\">na \u0161traparijadi<\/a> kod Velike Gorice, koja se oglu\u0161ila na na\u0161e tra\u017eenje da zabrani odr\u017eavanje ovog doga\u0111aja. Ovo nije natjecanje u povla\u010denju trupaca, ve\u0107 u zlostavljanju konja! Pokrenuli smo i peticiju kako bi se zabranila ova sramotna praksa.<br \/>\n<span class=\"\"><br \/>\n<span class=\"\"><br \/>\n<span class=\"\"><br \/>\n<span class=\"\"><\/p>\n<hr \/>\n<h4><strong><span style=\"color: #00ac97;\">25 pasa i majmuna spa\u0161eno od jezivih pokusa<\/span><\/strong><\/h4>\n<p><div class=\"one_fourth\"><img loading=\"lazy\" class=\"alignnone wp-image-2114 size-full\" src=\"http:\/\/www.animalist.eu\/wp-content\/uploads\/2024\/05\/majmun.jpg\" alt=\"\" width=\"250\" height=\"225\" \/><\/div>Talijanska organizacija LAV izvijestila je da se dogodila <a href=\"https:\/\/www.prijatelji-zivotinja.hr\/index.hr.php?id=4830\" rel=\"noopener\" target=\"_blank\">najve\u0107a zapljena i spa\u0161avanje<\/a> \u017eivotinja iz laboratorija u povijesti Italije! 25 \u017eivotinja spa\u0161eno je iz istra\u017eiva\u010dke ustanove koju optu\u017euju za zlostavljanje i nezakonito ubijanje biglova, marmozeta i makakija. Umjesto takvih pokusa potrebno je ulaganje u nove tehnologije \u0161to \u0107e poticati razvoj znanosti i pomo\u0107i bolesnim ljudima.<br \/>\n<span class=\"\"><br \/>\n<span class=\"\"><\/p>\n<hr \/>\n<h4><strong><span style=\"color: #00ac97;\">13. VegeSajam 8. lipnja<\/span><\/strong><\/h4>\n<p><div class=\"one_fourth\"><img loading=\"lazy\" class=\"alignnone wp-image-2114 size-full\" src=\"http:\/\/www.animalist.eu\/wp-content\/uploads\/2024\/05\/vegesajam.jpg\" alt=\"\" width=\"250\" height=\"225\" \/><\/div><a href=\"https:\/\/www.prijatelji-zivotinja.hr\/index.hr.php?id=4827\" rel=\"noopener\" target=\"_blank\">13. VegeSajam<\/a> odr\u017eat \u0107e se na Europskom trgu u Zagrebu u subotu, 8. lipnja od 8 do 21 sati. Ovaj doga\u0111aj nastavlja educirati i promovirati vegansku prehranu i odr\u017eivost. Na njemu mo\u017eete nau\u010diti kako pomo\u0107i sebi, \u017eivotinjama, planetu i drugim ljudima te se zabaviti i zasititi hranom radi koje nije morala stradati nijedna \u017eivotinja. Pozivamo sve da nas posjete, a mo\u017eete i <a href=\"https:\/\/docs.google.com\/forms\/d\/e\/1FAIpQLSc0itHl_tE7mPRNAlDZftMx-HHGpZaVD-siLHdO-3NVOBgnjQ\/viewform\" rel=\"noopener\" target=\"_blank\">pomo\u0107i<\/a> u njegovoj organizaciji.<br \/>\n<span class=\"\"><br \/>\n<span class=\"\"><br \/>\n<span class=\"\"><\/p>\n<hr \/>\n<h4><strong><span style=\"color: #00ac97;\">Blic vijesti<\/span><\/strong><\/h4>\n<ul>\n<li>Na\u0161i volonteri ponovno su darivali krv te predali jo\u0161 jedan zahtjev da se na Zavod uvedu i veganski obroci.<\/li>\n<li><a href=\"https:\/\/www.24sata.hr\/news\/zaplet-u-prici-oko-butkoviceve-krave-zapravo-je-rijec-o-biku-a-posla-bi-mogla-imati-i-inspekcija-978254\" rel=\"noopener\" target=\"_blank\">Reagirali smo<\/a> na medijske objave o kravi ministra Butkovi\u0107a te komentirali neadekvate uvjete u kojima \u017eivi.<\/li>\n<li>Dali smo <a href=\"https:\/\/djole.dog\/povodom-marsa-za-zivotinje-odrzanog-u-zagrebu-razgovarali-smo-sa-organizatorima\/\" rel=\"noopener\" target=\"_blank\">intervju<\/a> vezano za odr\u017eani 4. Mar\u0161 za \u017eivotinje.  <\/li>\n<li>Poslali smo jo\u0161 jedan dopis Ministarstu poljoprivrede i Ministarstvu gospodarstva vezano za registraciju djelatnosti uzgoja \u017eivotinja i bavljenje gospodarskom djelatnosti. Tako\u0111er smo bili na sastanku u Ministartvu poljoprivrede radi iste teme.<\/li>\n<li>Zatra\u017eili smo od ministrice Vu\u010dkovi\u0107 da se na radnoj skupini zalo\u017ei i potakne i ostale sudionike da se zalo\u017ee za uvo\u0111enje Pozitivne liste.<\/li>\n<li>Apelirali smo da Ministarstvo poljoprivrede vra\u0107ena neutro\u0161ena sredstva iz JLS-ova Me\u0111imurske \u017eupanije za kastraciju iskoristi i prenamjeni za istu svrhu u nekoj drugoj \u017eupaniji.<\/li>\n<li>Poslali smo <a href=\"https:\/\/www.facebook.com\/prijateljizivotinjahr\/posts\/pfbid0P9ZAnpX8dnhMT8KP73KSCoMwFLGf4HJx4qYrryR2UynRCbskBjony5toCrwV1Usfl\" rel=\"noopener\" target=\"_blank\">dopis svim strankama<\/a> koje se kandidiraju za Europski parlament da potpi\u0161u Obe\u0107anje za \u017eivotinje. Pozivamo i vas da ih zamolite da potpi\u0161u obe\u0107anje putem ove <a href=\"https:\/\/www.eurogroupforanimals.org\/hr\/glas-za-zivotinje-gradani\" rel=\"noopener\" target=\"_blank\">web stranice<\/a>. <\/li>\n<li>Nastavili smo se zalagati za \u0161to br\u017eu izgradnju skloni\u0161ta za napu\u0161tene \u017eivotinje u Splitu.<\/li>\n<li>Obilje\u017eili smo <a href=\"https:\/\/www.facebook.com\/prijateljizivotinjahr\/posts\/pfbid0tsDdbXW56HHxxttwu5vx78g6zgm5fG5vZbYbPQq5tEbvPPweZBaQV7fATqNp4y31l\" rel=\"noopener\" target=\"_blank\">Svjetski dan za\u0161tite \u017eivotinja<\/a> u laboratorijima. <\/li>\n<\/ul>\n<hr \/>\n<h4><strong><span style=\"color: #00ac97;\">Pogledajte novi video na na\u0161em youtube kanalu:<\/span><\/strong><\/h4>\n<ul>\n<li><a href=\"https:\/\/www.youtube.com\/watch?v=47yiU8wGfCc\" rel=\"noopener\" target=\"_blank\">Zlostavljanje konja kod Velike Gorice<\/a><\/li>\n<\/ul>\n<hr \/>\n<p>Unato\u010d silnom trudu i brojnim rezultatima, ne mo\u017eemo nastaviti na\u0161 rad za \u017eivotinje bez va\u0161e kontinuirane financijske pomo\u0107i. Podr\u017eite nas trajnim nalogom, <a href=\"http:\/\/www.prijatelji-zivotinja.hr\/index.hr.php?id=857\" target=\"_blank\" rel=\"noopener\">donacijom i uplatom godi\u0161nje \u010dlanarine<\/a>. I nekoliko kuna mjese\u010dno mo\u017ee nam puno zna\u010diti. Hvala vam svima!<\/p>\n<p>Va\u0161i Prijatelji \u017eivotinja<\/p>\n<p>Pratite nas na na\u0161im dru\u0161tvenim mre\u017eama: <a href=\"https:\/\/twitter.com\/afcroatia\" target=\"_blank\" rel=\"noopener\">Twitter<\/a>, <a href=\"https:\/\/www.facebook.com\/prijateljizivotinjahr\/\" target=\"_blank\" rel=\"noopener\">Facebook<\/a>, <a href=\"https:\/\/www.linkedin.com\/in\/prijatelji-%C5%BEivotinja-765a0a29\/\" target=\"_blank\" rel=\"noopener\">LinkedIn<\/a>, <a href=\"https:\/\/www.instagram.com\/animalfriendscroatia\/\" target=\"_blank\" rel=\"noopener\">Instagram<\/a> i <a href=\"https:\/\/www.youtube.com\/user\/afcroatia\/\" target=\"_blank\" rel=\"noopener\">YouTube<\/a>.<a href=\"http:\/\/www.animalist.eu\/wp-content\/uploads\/2018\/11\/text-editor-web.jpg\"><\/p>\n","protected":false},"excerpt":{"rendered":"<p>Uz biljnu hranu bolji i ljubavni \u017eivot Istra\u017eiva\u010di sa Sveu\u010dili\u0161ta Stanford zaklju\u010dili su da veganska prehrana mo\u017ee pove\u0107ati libido u \u017eena, produljiti mu\u0161karcima erekciju i op\u0107enito pobolj\u0161ati seksualni \u017eivot. O tome je objavljen dokumentarac \u201eOno si \u0161to jede\u0161: Eksperiment s blizancima\u201d. Sudionici su pro\u0161li kroz razne pokuse kako bi se istra\u017eilo kako odre\u0111ena hrana mo\u017ee [&hellip;]<\/p>\n","protected":false},"author":1,"featured_media":0,"comment_status":"closed","ping_status":"closed","sticky":false,"template":"","format":"standard","meta":[],"categories":[65],"tags":[],"_links":{"self":[{"href":"https:\/\/www.animalist.eu\/index.php?rest_route=\/wp\/v2\/posts\/4572"}],"collection":[{"href":"https:\/\/www.animalist.eu\/index.php?rest_route=\/wp\/v2\/posts"}],"about":[{"href":"https:\/\/www.animalist.eu\/index.php?rest_route=\/wp\/v2\/types\/post"}],"author":[{"embeddable":true,"href":"https:\/\/www.animalist.eu\/index.php?rest_route=\/wp\/v2\/users\/1"}],"replies":[{"embeddable":true,"href":"https:\/\/www.animalist.eu\/index.php?rest_route=%2Fwp%2Fv2%2Fcomments&post=4572"}],"version-history":[{"count":8,"href":"https:\/\/www.animalist.eu\/index.php?rest_route=\/wp\/v2\/posts\/4572\/revisions"}],"predecessor-version":[{"id":4589,"href":"https:\/\/www.animalist.eu\/index.php?rest_route=\/wp\/v2\/posts\/4572\/revisions\/4589"}],"wp:attachment":[{"href":"https:\/\/www.animalist.eu\/index.php?rest_route=%2Fwp%2Fv2%2Fmedia&parent=4572"}],"wp:term":[{"taxonomy":"category","embeddable":true,"href":"https:\/\/www.animalist.eu\/index.php?rest_route=%2Fwp%2Fv2%2Fcategories&post=4572"},{"taxonomy":"post_tag","embeddable":true,"href":"https:\/\/www.animalist.eu\/index.php?rest_route=%2Fwp%2Fv2%2Ftags&post=4572"}],"curies":[{"name":"wp","href":"https:\/\/api.w.org\/{rel}","templated":true}]}}