{"id":1125,"date":"2014-10-23T15:04:30","date_gmt":"2014-10-23T13:04:30","guid":{"rendered":"http:\/\/www.animalist.eu\/?p=1125"},"modified":"2014-10-24T16:02:48","modified_gmt":"2014-10-24T14:02:48","slug":"animalist-br-117","status":"publish","type":"post","link":"https:\/\/www.animalist.eu\/?p=1125","title":{"rendered":"AnimaList br. 117"},"content":{"rendered":"<h4 style=\"text-align: justify;\"><span style=\"color: #00ac97;\">60.000.000.000 ubijenih<\/span><\/h4>\n<p style=\"text-align: justify;\"><div class=\"one_fourth\"><img loading=\"lazy\" class=\"alignnone size-full wp-image-1130\" src=\"http:\/\/www.animalist.eu\/wp-content\/uploads\/2014\/10\/Svjetski-dan-zivotinja-s-farmi1.jpg\" alt=\"Svjetski dan zivotinja s farmi1\" width=\"500\" height=\"450\" srcset=\"https:\/\/www.animalist.eu\/wp-content\/uploads\/2014\/10\/Svjetski-dan-zivotinja-s-farmi1.jpg 500w, https:\/\/www.animalist.eu\/wp-content\/uploads\/2014\/10\/Svjetski-dan-zivotinja-s-farmi1-300x270.jpg 300w\" sizes=\"(max-width: 500px) 100vw, 500px\" \/><\/div><div class=\"three_fourth column-last\"><a href=\"http:\/\/www.prijatelji-zivotinja.hr\/index.hr.php?id=2583\" target=\"_blank\">Povodom Svjetskog dana \u017eivotinja s farmi<\/a> upozorili smo javnost na stra\u0161nu brojku od 60.000.000.000 \u017eivotinja ubijenih za ljudsku prehranu. Performans u kojem je 12 aktivista s 12 vizuala napravilo instalaciju du\u017eine vi\u0161e od 12 metara, prikazuju\u0107i koje se sve \u017eivotinje kriju iza brojke 60 milijarda, realiziran je u suradnji i uz potporu organizacije Farm Animal Rights Movement (FARM). Osim fotografija mo\u017eete pogledati i <a href=\"https:\/\/www.youtube.com\/watch?v=D11P0WkID-g\" target=\"_blank\">kratki video<\/a>.<\/div><div class=\"clear\"><\/div><\/p>\n<h4 style=\"text-align: justify;\"><div class=\"divider\"><\/div><span style=\"color: #00ac97;\">Blic vijesti<\/span><\/h4>\n<ul style=\"text-align: justify;\">\n<li>Povodom <a href=\"http:\/\/www.prijatelji-zivotinja.hr\/index.hr.php?id=2581\" target=\"_blank\">Svjetskog dana vegetarijanstva<\/a> poslali smo pismo premijeru Milanovi\u0107u, a vezano za njegovu izjavu za medije da &#8220;svi ljudski problemi proizlaze iz toga \u0161to jedemo \u017eivotinje&#8221;, te smo <a href=\"http:\/\/www.prijatelji-zivotinja.hr\/arhiva.php?id=4331#v4331\" target=\"_blank\">odr\u017eali \u0161tand<\/a> na glavnome zagreba\u010dkom trgu.<\/li>\n<li>Kao \u010dlanovi Fur Free Alliancea, prenijeli smo dobru vijest da <a href=\"http:\/\/www.prijatelji-zivotinja.hr\/index.hr.php?id=2586\" target=\"_blank\">europska industrija krzna gubi tr\u017ei\u0161te u Kini<\/a>, budu\u0107i da je zbog toga \u0161to Kinezi kupuju sve manje krzna do\u0161lo do pada cijena kuninog krzna na skandinavskim aukcijama.<\/li>\n<li>Gradona\u010delniku Lipika, gospodinu Vinku Kasanu, uputili smo dopis vezan za <a href=\"http:\/\/www.prijatelji-zivotinja.hr\/index.hr.php?id=2589\" target=\"_blank\">iskori\u0161tavanje ovce<\/a> od strane Marka Bar\u010dana u svrhu promocije doga\u0111anja povodom Dana grada Lipika.<\/li>\n<li>Na <a href=\"http:\/\/www.prijatelji-zivotinja.hr\/arhiva.php?id=4334#v4334\" target=\"_blank\">Svjetski dan \u017eivotinja<\/a> pridru\u017eili smo se akciji obilje\u017eavanja toga dana na zagreba\u010dkom Bundeku, u organizaciji Gradskog ureda za poljoprivredu i \u0161umarstvo, dok su ambasadori <a href=\"http:\/\/www.prijatelji-zivotinja.hr\/index.hr.php?id=2585\" target=\"_blank\">Anita Euschen i glazbenik IFEEL<\/a> pozvali sve da promjenom svojih prehrambenih i drugih navika pridonesu stvaranju svijeta s manje nasilja nad \u017eivotinjama.<\/li>\n<li>Gradona\u010delniku Splita, njegovim suradnicima i gradskim vije\u0107nicima uputili smo pismo zahvale zbog <a href=\"http:\/\/www.prijatelji-zivotinja.hr\/index.hr.php?id=2593\" target=\"_blank\">dono\u0161enja odluke o prestanku rada zoolo\u0161koga vrta na Marjanu<\/a> te istaknuli kako je potpuno neprihvatljivo rje\u0161enje izgradnja novog zoolo\u0161kog vrta na drugome mjestu.<\/li>\n<li>Grad Karlovac prozvali smo zbog opetovanog zanemarivanja i zlostavljanja \u017eivotinja u <a href=\"http:\/\/www.prijatelji-zivotinja.hr\/index.hr.php?id=2595\" target=\"_blank\">&#8220;skloni\u0161tu&#8221; u Utinji<\/a> od strane tvrtke CRPK, \u010diji rad financiraju gradske vlasti.<\/li>\n<li>Na\u0161a predstavnica sudjelovala je na konferenciji i izlo\u017ebi &#8220;Stavljanje dobrobiti \u017eivotinja u sredi\u0161te Europske unije&#8221; u Europskom parlamentu u Bruxellesu, koju je organizirao Eurogroup for Animals, \u010diji su \u010dlan i Prijatelji \u017eivotinja.<\/li>\n<li>Komentirali smo za medije slu\u010daj krijum\u010darenja tigrove ko\u017ee za prepariranje u Bjelovaru i istaknuli va\u017enost sankcioniranja osoba koje se bave ubijanjem za\u0161ti\u0107enih vrsta \u017eivotinja. Pozvali smo gra\u0111ane i da ne kupuju odje\u0107u i obu\u0107u od \u017eivotinjske ko\u017ee.<\/li>\n<li>Predstavljamo vam novo internetsko izdanje <a href=\"http:\/\/www.animalist.eu\/?lang=en\" target=\"_blank\">AnimaLista<\/a> na kojem se nalaze svi do sada izdani brojevi. Zahvaljujemo volonteru Hrvoju Lon\u010daru na pomo\u0107i pri realizaciji.<\/li>\n<li>Pozdravljamo <a href=\"https:\/\/www.facebook.com\/sapicasrece\" target=\"_blank\">projekt &#8220;\u0160apica sre\u0107e&#8221;<\/a> s kratkim prilozima u kojima \u0107e se pratiti \u017eivotne pri\u010de 10 napu\u0161tenih \u017eivotinja i njihovo pronala\u017eenje novih domova, a sve u svrhu promoviranja udomljavanja umjesto kupovanja \u017eivotinja.<\/li>\n<li>Izdvajamo novo na webu:<br \/>\na) <a href=\"http:\/\/www.prijatelji-zivotinja.hr\/index.hr.php?id=2582\" target=\"_blank\">Poziv gradovima: sprije\u010dite napu\u0161tanje \u017eivotinja tijekom cijele godine!<\/a><br \/>\nb) Suplement i SAN-10 su nove tvrtke na na\u0161oj <a href=\"http:\/\/www.prijatelji-zivotinja.hr\/index.hr.php?id=80\" target=\"_blank\">bijeloj listi<\/a><br \/>\nc) \u010clanak <a href=\"http:\/\/www.prijatelji-zivotinja.hr\/index.hr.php?id=2584\" target=\"_blank\">&#8220;O zoolo\u0161kim vrtovima&#8221;<\/a><br \/>\nd) \u010clanak <a href=\"http:\/\/www.prijatelji-zivotinja.hr\/index.hr.php?id=2591\" target=\"_blank\">&#8220;Deset \u010dinjenica o zoolo\u0161kim vrtovima&#8221;<\/a><br \/>\ne) <a href=\"http:\/\/www.prijatelji-zivotinja.hr\/index.hr.php?id=2543k\" target=\"_blank\">Nove fotografije sretno udomljenih koka &#8211; Sa\u0161e i Vanje<\/a><\/li>\n<li>Na na\u0161em <a href=\"https:\/\/www.youtube.com\/user\/afcroatia\" target=\"_blank\">YouTube kanalu<\/a> objavili smo novi video <a href=\"https:\/\/www.youtube.com\/watch?v=L3el3z4qCdg\" target=\"_blank\">&#8220;Nema mjesta poput doma&#8221;<\/a>.<\/li>\n<li>Pozivamo sve u\u010denike osnovnih \u0161kola u Zagrebu da se prijave na na\u0161e <a href=\"http:\/\/www.prijatelji-zivotinja.hr\/index.hr.php?id=2580\" target=\"_blank\">zabavne i zanimljive radionice kuhanja<\/a>!<\/li>\n<li><a href=\"http:\/\/www.prijatelji-zivotinja.hr\/index.hr.php?id=2588\" target=\"_blank\">Pozivamo pravne osobe<\/a> da i one postanu na\u0161i \u010dlanovi te tako podupru na\u0161 rad! Popis dosada\u0161njih pravnih \u010dlanova mo\u017eete vidjeti <a href=\"http:\/\/www.prijatelji-zivotinja.hr\/index.hr.php?id=2587\" target=\"_blank\">ovdje<\/a>. Pro\u0161irite vijest i sami <a href=\"http:\/\/www.prijatelji-zivotinja.hr\/index.hr.php?id=99\" target=\"_blank\">postanite \u010dlanovi<\/a> ako jo\u0161 niste.<\/li>\n<\/ul>\n<p style=\"text-align: justify;\"><a href=\"http:\/\/www.animalist.eu\/wp-content\/uploads\/2014\/10\/Zoo.jpg\"><img loading=\"lazy\" class=\"alignnone size-full wp-image-1170\" src=\"http:\/\/www.animalist.eu\/wp-content\/uploads\/2014\/10\/Zoo.jpg\" alt=\"Zoo\" width=\"725\" height=\"318\" srcset=\"https:\/\/www.animalist.eu\/wp-content\/uploads\/2014\/10\/Zoo.jpg 725w, https:\/\/www.animalist.eu\/wp-content\/uploads\/2014\/10\/Zoo-300x131.jpg 300w\" sizes=\"(max-width: 725px) 100vw, 725px\" \/><\/a><\/p>\n<p style=\"text-align: justify;\">Hvala vam \u0161to nas i nadalje pratite i podupirete na razne na\u010dine, uplatom <a href=\"http:\/\/www.prijatelji-zivotinja.hr\/index.hr.php?id=857\" target=\"_blank\">\u010dlanarine<\/a>, \u010dime ostvarujete razne <a href=\"http:\/\/www.prijatelji-zivotinja.hr\/index.hr.php?id=1100\" target=\"_blank\">pogodnosti<\/a>, <a href=\"http:\/\/www.prijatelji-zivotinja.hr\/index.hr.php?id=2303\" target=\"_blank\">donacijama<\/a> prema svojim mogu\u0107nostima i volontiranjem! Malim koracima zajedno mo\u017eemo puno u\u010diniti.<\/p>\n<p style=\"text-align: justify;\">Veliki pozdrav od va\u0161ih Prijatelja \u017eivotinja<\/p>\n","protected":false},"excerpt":{"rendered":"<p>60.000.000.000 ubijenih Blic vijesti Povodom Svjetskog dana vegetarijanstva poslali smo pismo premijeru Milanovi\u0107u, a vezano za njegovu izjavu za medije da &#8220;svi ljudski problemi proizlaze iz toga \u0161to jedemo \u017eivotinje&#8221;, te smo odr\u017eali \u0161tand na glavnome zagreba\u010dkom trgu. Kao \u010dlanovi Fur Free Alliancea, prenijeli smo dobru vijest da europska industrija krzna gubi tr\u017ei\u0161te u Kini, [&hellip;]<\/p>\n","protected":false},"author":1,"featured_media":1127,"comment_status":"closed","ping_status":"closed","sticky":false,"template":"","format":"standard","meta":[],"categories":[6],"tags":[],"_links":{"self":[{"href":"https:\/\/www.animalist.eu\/index.php?rest_route=\/wp\/v2\/posts\/1125"}],"collection":[{"href":"https:\/\/www.animalist.eu\/index.php?rest_route=\/wp\/v2\/posts"}],"about":[{"href":"https:\/\/www.animalist.eu\/index.php?rest_route=\/wp\/v2\/types\/post"}],"author":[{"embeddable":true,"href":"https:\/\/www.animalist.eu\/index.php?rest_route=\/wp\/v2\/users\/1"}],"replies":[{"embeddable":true,"href":"https:\/\/www.animalist.eu\/index.php?rest_route=%2Fwp%2Fv2%2Fcomments&post=1125"}],"version-history":[{"count":38,"href":"https:\/\/www.animalist.eu\/index.php?rest_route=\/wp\/v2\/posts\/1125\/revisions"}],"predecessor-version":[{"id":1173,"href":"https:\/\/www.animalist.eu\/index.php?rest_route=\/wp\/v2\/posts\/1125\/revisions\/1173"}],"wp:featuredmedia":[{"embeddable":true,"href":"https:\/\/www.animalist.eu\/index.php?rest_route=\/wp\/v2\/media\/1127"}],"wp:attachment":[{"href":"https:\/\/www.animalist.eu\/index.php?rest_route=%2Fwp%2Fv2%2Fmedia&parent=1125"}],"wp:term":[{"taxonomy":"category","embeddable":true,"href":"https:\/\/www.animalist.eu\/index.php?rest_route=%2Fwp%2Fv2%2Fcategories&post=1125"},{"taxonomy":"post_tag","embeddable":true,"href":"https:\/\/www.animalist.eu\/index.php?rest_route=%2Fwp%2Fv2%2Ftags&post=1125"}],"curies":[{"name":"wp","href":"https:\/\/api.w.org\/{rel}","templated":true}]}}