{"id":680,"date":"2009-05-25T14:48:49","date_gmt":"2009-05-25T12:48:49","guid":{"rendered":"http:\/\/www.animalist.eu\/?p=680"},"modified":"2014-10-03T13:57:40","modified_gmt":"2014-10-03T11:57:40","slug":"animalist-br-60","status":"publish","type":"post","link":"http:\/\/www.animalist.eu\/?p=680","title":{"rendered":"AnimaList Br. 60"},"content":{"rendered":"<p style=\"text-align: justify;\">&#8216;\u010cinjenica da je meso na mom tanjuru nekada bilo \u017eivo stvorenje koje je disalo postala je ne\u0161to \u0161to vi\u0161e nisam mogao ignorirati ili opravdavati kao hranu.&#8217; &#8211; Owain Yeoman, glumac iz serija &#8216;Mentalist&#8217; i &#8216;Dosje kuhinja&#8217;<\/p>\n<hr \/>\n<h4 style=\"text-align: justify;\"><span style=\"color: #00ac97;\">EVU Talks u Zagrebu<\/span><\/h4>\n<p style=\"text-align: justify;\">Ove godine na\u0161a je udruga bila doma\u0107in godi\u0161njeg sastanka Europske vegetarijanske unije pod nazivom <a href=\"http:\/\/www.prijatelji-zivotinja.hr\/index.hr.php?id=1485\" target=\"_blank\"><em>EVU Talks<\/em><\/a> 1. i 2. svibnja u Zagrebu. Povodom EVU Talksa premijerno smo prikazali film <a href=\"http:\/\/www.youtube.com\/watch?v=oPuQ_VdQuNY\" target=\"_blank\">&#8216;Istina o mesu&#8217;<\/a> (<em>Meat the Truth<\/em>) u kojem <a href=\"http:\/\/www.prijatelji-zivotinja.hr\/index.hr.php?id=1487\" target=\"_blank\">Marianne Thieme<\/a> na zanimljiv na\u010din ukazuje na alarmantnu povezanost mesne industrije i globalnog zatopljenja. Prikazivanje filma odr\u017ealo se 2. svibnja u Kulturno informativnom centru (KIC). Ovom prigodom zahvaljujemo Centru za ljudska prava i KIC-u \u0161to su nam svojom ljubazno\u0161\u0107u iza\u0161li u susret glede organizacije ovih doga\u0111aja.<\/p>\n<hr \/>\n<h4 style=\"text-align: justify;\"><span style=\"color: #00ac97;\">&#8216;Probodeni bikovi&#8217; za spas bikova<\/span><\/h4>\n<p style=\"text-align: justify;\">Le\u017ee\u0107i razodjeveni na ulici i &#8216;zakrvavljeni&#8217; banderillasima zabodenim u njihova le\u0111a, na\u0161i su aktivisti prosvjedovali 7. svibnja u Rijeci protiv <a href=\"http:\/\/www.prijatelji-zivotinja.hr\/index.hr.php?id=1488\">Utrke bikova i borbi s bikovima<\/a> koje se tijekom srpnja odr\u017eavaju u \u0161panjolskoj Pamploni. Performans je bio usmjeren i protiv bikijada u Dalmatinskoj Zagori, a organiziran je u suradnji s <a href=\"http:\/\/www.peta.org.uk\/\">PETA<\/a>-om. Nakon performansa, u prostorijama Molekule odr\u017eali smo predavanje o pravima \u017eivotinja.<\/p>\n<hr \/>\n<h4 style=\"text-align: justify;\"><span style=\"color: #00ac97;\">P&amp;G odgovoran za mu\u010denje \u017eivotinja<\/span><\/h4>\n<p style=\"text-align: justify;\">Informativnim \u0161tandovima u Zagrebu i Dugom Selu na kojima smo gra\u0111anima dijelili najnoviju &#8216;crno-bijelu listu&#8217; s popisom tvrtki koje svoje proizvode i njihove sastojke (ne) testiraju na \u017eivotinjama i popisom tvrtki sa HCS standardom obilje\u017eili smo 16. svibnja <a href=\"http:\/\/www.prijatelji-zivotinja.hr\/index.hr.php?id=1490\">Svjetski dan bojkota Proctera &amp; Gamblea (P&amp;G)<\/a>. P&amp;G s vi\u0161e od 250 robnih marki, odgovoran je za mu\u010denje i smrt tisu\u0107a \u017eivotinja godi\u0161nje, \u017ertava bolnih, zastarjelih i potpuno nepotrebnih testiranja kozmetike, sredstava za \u010di\u0161\u0107enje i hrane za ku\u0107ne \u017eivotinje.<\/p>\n<hr \/>\n<h4 style=\"text-align: justify;\"><span style=\"color: #00ac97;\">Jo\u0161 jedna neugodna istina<\/span><\/h4>\n<p style=\"text-align: justify;\">U srijedu, 20. svibnja, odr\u017eali smo u Puli informativni \u0161tand na kojem smo gra\u0111ane Pule upozorili na golemi <a href=\"http:\/\/www.prijatelji-zivotinja.hr\/index.hr.php?id=1492\">negativan utjecaj sto\u010darstva na okoli\u0161<\/a>. Istoga dana u ve\u010dernjim satima u Galeriji Cvajner prikazali smo film &#8216;Istina o mesu&#8217;<em>(Meat the Truth)<\/em>.<\/p>\n<hr \/>\n<h4 style=\"text-align: justify;\"><span style=\"color: #00ac97;\">Udomljavanje je fora<\/span><\/h4>\n<p style=\"text-align: justify;\">Akciju <a href=\"http:\/\/www.prijatelji-zivotinja.hr\/index.hr.php?id=1494\">&#8216;Udomljavanje je fora&#8217;<\/a> odr\u017eali smo u suradnji s Gradskim uredom za poljoprivredu i \u0161umarstvo Grada Zagreba i Skloni\u0161tem za napu\u0161tene \u017eivotinje u Dumovcu kako bi se umjesto kupnje promoviralo udomljavanje \u017eivotinja. Tijekom akcije prikupljale su se donacije za kupnju infuzomata za \u0161ti\u0107enike Skloni\u0161ta za napu\u0161tene \u017eivotinje u Dumovcu. Akciji, koja se odr\u017eala 23. svibnja na glavnom zagreba\u010dkom trgu, nazo\u010dila je Maja Vu\u010di\u0107 s desetak drugih udomitelja pasa iz Dumovca.<\/p>\n<hr \/>\n<h4 style=\"text-align: justify;\"><span style=\"color: #00ac97;\">Vijesti i najave<\/span><\/h4>\n<p style=\"text-align: justify;\">&#8211; Molimo vas da se uklju\u010dite u akciju <a href=\"http:\/\/www.prijatelji-zivotinja.hr\/index.hr.php?id=1491\" target=\"_blank\"><em>&#8216;Za\u0161titimo zabranu kitolova, za\u0161titimo kitove!&#8217; <\/em><\/a>pokrenutu od strane WSPA-e. Vi\u0161e od 80 vlada iz \u010ditavoga svijeta sastat \u0107e se 22. lipnja kako bi odlu\u010dile o budu\u0107nositi kitova, a upravo va\u0161e pismo Ministru kulture gdinu Bo\u017ei Bi\u0161kupi\u0107u mo\u017ee pridonijeti da se na sastanku Me\u0111unarodne komisije za kitolov u Portugalu ne ukine zabrana obalnog kitolova. Ministru Bi\u0161kupi\u0107u mo\u017eete pisati preko ovog <a href=\"http:\/\/e-activist.com\/ea-campaign\/clientcampaign.do?ea.client.id=24&amp;ea.campaign.id=3392\" target=\"_blank\"><em>internetskog obrasca.<\/em><\/a><\/p>\n<p style=\"text-align: justify;\">&#8211; Europska unija jest 5. svibnja <a href=\"http:\/\/www.europarl.europa.eu\/news\/expert\/infopress_page\/063-54953-124-05-19-911-20090504IPR54952-04-05-2009-2009-true\/default_en.htm\" target=\"_blank\">zabranila trgovinu proizvodima od tuljana!<\/a>Ova je rezolucija prihva\u0107ena s 550 glasova za, 49 protiv i 41 sudr\u017eanim glasom. EU je bila glavno tr\u017ei\u0161te za kanadske proizvode od tuljana i vlada Kanade procjenjuje da \u0107e financijski gubitak zbog zatvaranja europskog tr\u017ei\u0161ta ovu industriju stajati otprilike 6,6 milijuna kanadskih dolara godi\u0161nje, \u0161to bi ih trebalo natjerati da prekinu masakr beba tuljana.<\/p>\n<p style=\"text-align: justify;\">&#8211; Na\u0161i aktivisti, vegetarijanci i vegani sudjelovali su 10. svibnja na <a href=\"http:\/\/www.prijatelji-zivotinja.hr\/arhiva.php?id=2394#v2394\" target=\"_blank\">kros Utrci zdravlja 2009.<\/a> u organizaciji medicinskog magazina Medikus.hr. Utrka se odr\u017eala povodom Svjetske godine sporta.<\/p>\n<p style=\"text-align: justify;\">&#8211; Odr\u017eali smo predavanje na Filozofskom fakultetu u Zagrebu i priredili veganske obroke za studente daju\u0107i im na taj na\u010din potporu, a predavanja smo odr\u017eali i na Zdravstvenom veleu\u010dili\u0161tu i O\u0160 kralja Tomislava. Dje\u010dji vrti\u0107 &#8216;Utrina&#8217; posjetili smo sa psom Curom. Javite nam se ukoliko \u017eelite da kratkim predavanjem ili video projekcijom posjetimo va\u0161u \u0161kolu ili radno mjesto.<\/p>\n<p style=\"text-align: justify;\">&#8211; Reagirali smo na \u010dlanak u Ve\u010dernjem listu <a href=\"http:\/\/www.prijatelji-zivotinja.hr\/index.hr.php?id=1493\" target=\"_blank\">&#8216;Mrkva kao batina&#8217;<\/a> u kojemu autor iznosi neistinite i uvredljive stavove o vegetarijanskoj prehrani i takvom na\u010dinu \u017eivota.<\/p>\n<p style=\"text-align: justify;\">&#8211; I ove godine organiziramo dru\u017eenje uz ro\u0161tilj, no ovaj put odr\u017eat \u0107e se na zagreba\u010dkom Bundeku i to 13. lipnja.<\/p>\n<p>&#8211; Melvita je nova tvrtka na <a href=\"http:\/\/www.prijatelji-zivotinja.hr\/index.hr.php?id=80\" target=\"_blank\">&#8216;bijeloj listi&#8217;<\/a> koja zadovoljava <a href=\"http:\/\/www.prijatelji-zivotinja.hr\/index.hr.php?id=1482\" target=\"_blank\">Humani kozmeti\u010dki standard (HCS)<\/a>. Pogledajte i <a href=\"http:\/\/www.prijatelji-zivotinja.hr\/index.hr.php?id=1422\" target=\"_blank\">crno-bijelu listu pet shopova<\/a> te \u010dlanak o <a href=\"http:\/\/www.prijatelji-zivotinja.hr\/index.hr.php?id=1486\" target=\"_blank\">emisiji stakleni\u010dkih plinova.<br \/>\n<\/a><\/p>\n<p>&#8211; Od novosti u Web katalogu pogledajte <a href=\"http:\/\/www.prijatelji-zivotinja.hr\/katalog\/ostalo\/privjesci\" target=\"_blank\">privjeske<\/a> i <a href=\"http:\/\/www.prijatelji-zivotinja.hr\/katalog\/besplatni_materijali\/bojanka\" target=\"_blank\">bojanku<\/a>. Pozivamo vas da posjetite na\u0161e profile na <a href=\"http:\/\/www.myspace.com\/pzhr\" target=\"_blank\">MySpaceu,<\/a> <a href=\"http:\/\/www.facebook.com\/people\/Prijatelji-ivotinja\/1186138024\" target=\"_blank\">Facebooku<\/a> i <a href=\"http:\/\/twitter.com\/afcroatia\" target=\"_blank\">Twitteru<\/a>, a na na\u0161em <a href=\"http:\/\/www.youtube.com\/afcroatia\" target=\"_blank\">YouTube kanalu<\/a> mo\u017eete pogledati nove filmove.<\/p>\n<p style=\"text-align: justify;\">&#8211; I tijekom nadolaze\u0107ih mjeseci trebat \u0107emo volontere za razne aktivnosti, pa ukoliko ste u mogu\u0107nosti i \u017eeljni volontirati za \u017eivotinje javite nam se. Tako\u0111er trebamo pomo\u0107 u prevo\u0111enju s engleskog i na engleski jezik, a mo\u017eete <a href=\"http:\/\/www.prijatelji-zivotinja.hr\/index.hr.php?id=765\" target=\"_blank\">pomo\u0107i i na druge na\u010dine.<\/a><\/p>\n<p style=\"text-align: justify;\">&#8211; Volontirati mo\u017eete i u Vegetarijanskom centar na otoku Bra\u010du. Volonterima je zajam\u010den besplatan smje\u0161taj i ugodan odmor, a za vi\u0161e informacija kontaktirajte Jenny Gage odnosno posjetite web stranicu <a href=\"http:\/\/www.vegpot.com\/\" target=\"_blank\">www.vegpot.com.<\/a><\/p>\n<hr \/>\n<p style=\"text-align: justify;\">Pozivamo vas i da <a href=\"http:\/\/www.prijatelji-zivotinja.hr\/index.hr.php?id=99\" target=\"_blank\">postanete na\u0161im \u010dlanom<\/a>, ako to ve\u0107 niste. Va\u0161a potpora je vrlo va\u017ena. \u010clanovima koji su podmirili svoju godi\u0161nju \u010dlanarinu zahvaljujemo i \u0161aljemo \u010dlansku iskaznicu koja omogu\u0107uje <a href=\"http:\/\/www.prijatelji-zivotinja.hr\/index.hr.php?id=1100\" target=\"_blank\">popuste prema popisu<\/a>, a od ove godine izdajemo i <a href=\"http:\/\/www.prijatelji-zivotinja.hr\/index.hr.php?id=1457\" target=\"_blank\">donatorske iskaznice.<\/a>Ukoliko ste ve\u0107 u\u010dlanjeni, molimo vas ispunite <a href=\"http:\/\/www.prijatelji-zivotinja.hr\/index.hr.php?id=1419\" target=\"_blank\">obrazac o promjeni podataka<\/a> s dodatnim upitnikom kako bismo mogli obnoviti podatke u bazi \u010dlanova.<\/p>\n<p>Hvala!<\/p>\n<p>Va\u0161i Prijatelji \u017eivotinja<\/p>\n","protected":false},"excerpt":{"rendered":"<p>&#8216;\u010cinjenica da je meso na mom tanjuru nekada bilo \u017eivo stvorenje koje je disalo postala je ne\u0161to \u0161to vi\u0161e nisam mogao ignorirati ili opravdavati kao hranu.&#8217; &#8211; Owain Yeoman, glumac iz serija &#8216;Mentalist&#8217; i &#8216;Dosje kuhinja&#8217; EVU Talks u Zagrebu Ove godine na\u0161a je udruga bila doma\u0107in godi\u0161njeg sastanka Europske vegetarijanske unije pod nazivom EVU [&hellip;]<\/p>\n","protected":false},"author":1,"featured_media":683,"comment_status":"closed","ping_status":"closed","sticky":false,"template":"","format":"standard","meta":[],"categories":[19],"tags":[],"_links":{"self":[{"href":"http:\/\/www.animalist.eu\/index.php?rest_route=\/wp\/v2\/posts\/680"}],"collection":[{"href":"http:\/\/www.animalist.eu\/index.php?rest_route=\/wp\/v2\/posts"}],"about":[{"href":"http:\/\/www.animalist.eu\/index.php?rest_route=\/wp\/v2\/types\/post"}],"author":[{"embeddable":true,"href":"http:\/\/www.animalist.eu\/index.php?rest_route=\/wp\/v2\/users\/1"}],"replies":[{"embeddable":true,"href":"http:\/\/www.animalist.eu\/index.php?rest_route=%2Fwp%2Fv2%2Fcomments&post=680"}],"version-history":[{"count":10,"href":"http:\/\/www.animalist.eu\/index.php?rest_route=\/wp\/v2\/posts\/680\/revisions"}],"predecessor-version":[{"id":736,"href":"http:\/\/www.animalist.eu\/index.php?rest_route=\/wp\/v2\/posts\/680\/revisions\/736"}],"wp:featuredmedia":[{"embeddable":true,"href":"http:\/\/www.animalist.eu\/index.php?rest_route=\/wp\/v2\/media\/683"}],"wp:attachment":[{"href":"http:\/\/www.animalist.eu\/index.php?rest_route=%2Fwp%2Fv2%2Fmedia&parent=680"}],"wp:term":[{"taxonomy":"category","embeddable":true,"href":"http:\/\/www.animalist.eu\/index.php?rest_route=%2Fwp%2Fv2%2Fcategories&post=680"},{"taxonomy":"post_tag","embeddable":true,"href":"http:\/\/www.animalist.eu\/index.php?rest_route=%2Fwp%2Fv2%2Ftags&post=680"}],"curies":[{"name":"wp","href":"https:\/\/api.w.org\/{rel}","templated":true}]}}