{"id":4514,"date":"2024-02-23T10:15:43","date_gmt":"2024-02-23T09:15:43","guid":{"rendered":"http:\/\/www.animalist.eu\/?p=4514"},"modified":"2024-02-28T12:20:59","modified_gmt":"2024-02-28T11:20:59","slug":"animalist-br-249","status":"publish","type":"post","link":"http:\/\/www.animalist.eu\/?p=4514","title":{"rendered":"Animalist br. 249"},"content":{"rendered":"<h4><strong><span style=\"color: #00ac97;\">Vegani darivali krv i dobili biljni obrok<\/span><\/strong><\/h4>\n<p><div class=\"one_fourth\"><img loading=\"lazy\" class=\"alignnone wp-image-2114 size-full\" src=\"http:\/\/www.animalist.eu\/wp-content\/uploads\/2024\/02\/image_3_16494.png\" alt=\"\" width=\"250\" height=\"225\" \/><\/div>Uz volontersku pomo\u0107, <a href=\"https:\/\/www.prijatelji-zivotinja.hr\/index.hr.php?id=4775\" rel=\"noopener\" target=\"_blank\">pokrenuli smo inicijativu<\/a> za uvo\u0111enje veganskih opcija u menzu Hrvatskog zavoda za transfuzijsku medicinu. Inicijativa je usmjerena na osiguravanje jednakih prava i mogu\u0107nosti za sve darivatelje krvi, neovisno o njihovim prehrambenim navikama. Kao dio inicijative, na\u0161i \u010dlanovi su 24. sije\u010dnja posjetili Zavod i sudjelovali u darivanju krvi.<br \/><span class=\"\"><br \/><span class=\"\"><br \/><span class=\"\"><\/p>\n<hr \/>\n<h4><strong><span style=\"color: #00ac97;\">Dje\u010dja pjesma o veganstvu<\/span><\/strong><\/h4>\n<p><div class=\"one_fourth\"><img loading=\"lazy\" class=\"alignnone wp-image-2114 size-full\" src=\"http:\/\/www.animalist.eu\/wp-content\/uploads\/2024\/02\/image_2_16499.jpg\" alt=\"\" width=\"250\" height=\"225\" \/><\/div>Devetogodi\u0161nja Sofia Makar, koja je veganka gotovo od ro\u0111enja, otpjevala je i snimila spot za vrlo emotivnu pjesmu, \u201e<a href=\"https:\/\/www.prijatelji-zivotinja.hr\/index.hr.php?id=4778\" rel=\"noopener\" target=\"_blank\">Vege song<\/a>\u201d, koja se doti\u010de teme veganstva. Spot je snimljen na Svjetski dan veganstva ispred Me\u0161trovi\u0107eva paviljona i fontana ispred NSK-a koje su na taj dan svijetlile u veganskim bojama.<br \/><span class=\"\"><br \/><span class=\"\"><br \/><span class=\"\"><br \/><span class=\"\"><\/p>\n<hr \/>\n<h4><strong><span style=\"color: #00ac97;\">Potrebno hitna izmjena Pravilnika o opasnim psima<\/span><\/strong><\/h4>\n<p><div class=\"one_fourth\"><img loading=\"lazy\" class=\"alignnone wp-image-2114 size-full\" src=\"http:\/\/www.animalist.eu\/wp-content\/uploads\/2024\/02\/image_2_16500.jpg\" alt=\"\" width=\"250\" height=\"225\" \/><\/div>Nedavna tragedija u Zadru, kada je staricu nasmrt izgrizao ameri\u010dki staford, trajno \u0107e obilje\u017eiti \u017eivote i psa i \u010dlanova obitelji nesretne \u017eene. Pora\u017eavaju\u0107e je \u0161to se ova u\u017easna nesre\u0107a s velikom vjerojatno\u0161\u0107u <a href=\"https:\/\/www.prijatelji-zivotinja.hr\/index.hr.php?id=4779\" rel=\"noopener\" target=\"_blank\">mogla izbje\u0107i<\/a> da je na snagu stupio novi Pravilnik o opasnim psima kojim su propisane nove i dobre preventivne mjere. Kastracija i socijalizacija mo\u017ee samo pomo\u0107i psima. Na\u017ealost, iako je javna rasprava o njemu zavr\u0161ila 2021. godine, jo\u0161 uvijek nije oti\u0161ao u daljnju proceduru.<br \/><span class=\"\"><br \/><span class=\"\"><\/p>\n<hr \/>\n<h4><strong><span style=\"color: #00ac97;\">4. Mar\u0161 za \u017eivotinje!<\/span><\/strong><\/h4>\n<p><div class=\"one_fourth\"><img loading=\"lazy\" class=\"alignnone wp-image-2114 size-full\" src=\"http:\/\/www.animalist.eu\/wp-content\/uploads\/2024\/02\/image_2_13331.jpg\" alt=\"\" width=\"250\" height=\"225\" \/><\/div>Nakon duge \u010detiri godine, u subotu 13. travnja 2024. ponovno \u0107emo odr\u017eati <a href=\"https:\/\/www.prijatelji-zivotinja.hr\/index.hr.php?id=4782\" rel=\"noopener\" target=\"_blank\">Mar\u0161 za \u017eivotinje<\/a>, \u010detvrti u Hrvatskoj! \u017divotinje se iskori\u0161tavaju u gotovo svim sferama ljudskih aktivnosti, a i ku\u0107ne \u017eivotinje u velikome broju pate jer ih ljudi zanemaruju, napu\u0161taju i zlostavljaju, dok nadle\u017ena tijela zakazuju. Vjerujemo da \u0107e zato svatko na\u0107i svoj razlog da kora\u010da i digne glas za nedu\u017ene.<br \/><span class=\"\"><br \/><span class=\"\"><br \/><span class=\"\"><\/p>\n<hr \/>\n<h4><strong><span style=\"color: #00ac97;\">Max Mara, odbaci krzno!<\/span><\/strong><\/h4>\n<p><div class=\"one_fourth\"><img loading=\"lazy\" class=\"alignnone wp-image-2114 size-full\" src=\"http:\/\/www.animalist.eu\/wp-content\/uploads\/2024\/02\/image_3_16501.png\" alt=\"\" width=\"250\" height=\"225\" \/><\/div>Na po\u010detku tjedna mode u Milanu i uo\u010di nadolaze\u0107eg tjedna mode u Parizu, organizacije Humane Society International, LAV i Fur Free Alliance su pokrenule kampanju kako bi uvjerile luksuzni modni brend Max Mara da prestane koristiti krzno. Porukom \u201e<a href=\"https:\/\/www.prijatelji-zivotinja.hr\/index.hr.php?id=4783\" rel=\"noopener\" target=\"_blank\">Max Mara, odbaci krzno!<\/a>\u201d na balonu na vru\u0107i zrak visokom 25 metara, koji je spektakularno preletio sjedi\u0161te modne ku\u0107e u Italiji, pozvali su Max Maru da izbaci krzno iz svojih kolekcija!<br \/><span class=\"\"><br \/><span class=\"\"><\/p>\n<hr \/>\n<h4><strong><span style=\"color: #00ac97;\">Blic vijesti<\/span><\/strong><\/h4>\n<ul>\n<li>Poslali smo dopis svim JLS-ovima povodom Svjetskog dana kastracije pasa i ma\u010daka i zatra\u017eili da ga obilje\u017ee promocijom va\u017enosti kastracije i financiranjem kastracija.<\/li>\n<li>Za N1 <a href=\"https:\/\/n1info.hr\/vijesti\/znate-li-koliko-je-pasa-u-hrvatskoj-registar-ne-postoji-ali-prijatelji-zivotinja-imaju-brojku\/\" rel=\"noopener\" target=\"_blank\">govorili smo<\/a> o broju pasa i ma\u010daka u Hrvatskoj, potrebi uvo\u0111enja registra ku\u0107nih ljubimaca i propustu mnogih lokalnih zajednica da provedu zakonski obaveznu provjeru mikro\u010dipiranih pasa u cilju smanjenja napu\u0161tenih \u017eivotinja.<\/li>\n<li>Poslali smo <a href=\"https:\/\/www.prijatelji-zivotinja.hr\/index.hr.php?id=4780\" rel=\"noopener\" target=\"_blank\">dopis ministrici poljoprivrede<\/a> vezano za uzgoj i prodaju ku\u0107nih ljubimaca.<\/li>\n<li>Ulo\u017eili smo \u017ealbu DIRH-u zbog njihovih \u0161turih i \u0161ablonskih odgovora.<\/li>\n<li>Bili smo na sastanku u Ministarstvu gospodarstva i odr\u017eivog razvoja, gdje smo pri\u010dali o va\u017enosti promocije biljne prehrane kako bi se sprije\u010dile klimatske promjene te smo im <a href=\"https:\/\/www.prijatelji-zivotinja.hr\/index.hr.php?id=4781\" rel=\"noopener\" target=\"_blank\">poslali dopis<\/a> o sprje\u010davanju obavljanja neregistrirane djelatnosti.<\/li>\n<li>Bili smo na sastanku s glavnim dr\u017eavnim inspektorom na kojemu smo izlo\u017eili glavne probleme s kojima se suo\u010davamo vezano za rad veterinarske inspekcije.<\/li>\n<li><a href=\"https:\/\/dnevnik.hr\/vijesti\/hrvatska\/netko-je-objesio-obezglavljeno-tijelo-vucice-kazne-za-onoga-tko-ubije-vuka-su-od-930-do-4000-eura---828556.html?fbclid=IwAR1p1utTMY_OS4_pWQ10-cjgHPgNP9ktYs95tX93jVxDNHQOwEU5Phy1r3M\" rel=\"noopener\" target=\"_blank\">Osudili smo<\/a> svirepo ubojstvo vuka u Dalmaciji.  <\/li>\n<\/ul>\n<hr \/>\n<h4><strong><span style=\"color: #00ac97;\">Pogledajte nove videe na na\u0161em youtube kanalu:<\/span><\/strong><\/h4>\n<ul>\n<li><a href=\"https:\/\/www.youtube.com\/watch?v=KwrlMCCAeYM\" rel=\"noopener\" target=\"_blank\">Vege Song<\/a><\/li>\n<li><a href=\"https:\/\/www.youtube.com\/watch?v=8-rqWelbfmA\" rel=\"noopener\" target=\"_blank\">Poziv na Mar\u0161 za \u017eivotinje 2024.<\/a><\/li>\n<\/ul>\n<hr \/>\n<p>Unato\u010d silnom trudu i brojnim rezultatima, ne mo\u017eemo nastaviti na\u0161 rad za \u017eivotinje bez va\u0161e kontinuirane financijske pomo\u0107i. Podr\u017eite nas trajnim nalogom, <a href=\"http:\/\/www.prijatelji-zivotinja.hr\/index.hr.php?id=857\" target=\"_blank\" rel=\"noopener\">donacijom i uplatom godi\u0161nje \u010dlanarine<\/a>. I nekoliko kuna mjese\u010dno mo\u017ee nam puno zna\u010diti. Hvala vam svima!<\/p>\n<p>Va\u0161i Prijatelji \u017eivotinja<\/p>\n<p>Pratite nas na na\u0161im dru\u0161tvenim mre\u017eama: <a href=\"https:\/\/twitter.com\/afcroatia\" target=\"_blank\" rel=\"noopener\">Twitter<\/a>, <a href=\"https:\/\/www.facebook.com\/prijateljizivotinjahr\/\" target=\"_blank\" rel=\"noopener\">Facebook<\/a>, <a href=\"https:\/\/www.linkedin.com\/in\/prijatelji-%C5%BEivotinja-765a0a29\/\" target=\"_blank\" rel=\"noopener\">LinkedIn<\/a>, <a href=\"https:\/\/www.instagram.com\/animalfriendscroatia\/\" target=\"_blank\" rel=\"noopener\">Instagram<\/a> i <a href=\"https:\/\/www.youtube.com\/user\/afcroatia\/\" target=\"_blank\" rel=\"noopener\">YouTube<\/a>.<a href=\"http:\/\/www.animalist.eu\/wp-content\/uploads\/2018\/11\/text-editor-web.jpg\"><\/p>\n","protected":false},"excerpt":{"rendered":"<p>Vegani darivali krv i dobili biljni obrok Uz volontersku pomo\u0107, pokrenuli smo inicijativu za uvo\u0111enje veganskih opcija u menzu Hrvatskog zavoda za transfuzijsku medicinu. Inicijativa je usmjerena na osiguravanje jednakih prava i mogu\u0107nosti za sve darivatelje krvi, neovisno o njihovim prehrambenim navikama. Kao dio inicijative, na\u0161i \u010dlanovi su 24. sije\u010dnja posjetili Zavod i sudjelovali u [&hellip;]<\/p>\n","protected":false},"author":1,"featured_media":0,"comment_status":"closed","ping_status":"closed","sticky":false,"template":"","format":"standard","meta":[],"categories":[65],"tags":[],"_links":{"self":[{"href":"http:\/\/www.animalist.eu\/index.php?rest_route=\/wp\/v2\/posts\/4514"}],"collection":[{"href":"http:\/\/www.animalist.eu\/index.php?rest_route=\/wp\/v2\/posts"}],"about":[{"href":"http:\/\/www.animalist.eu\/index.php?rest_route=\/wp\/v2\/types\/post"}],"author":[{"embeddable":true,"href":"http:\/\/www.animalist.eu\/index.php?rest_route=\/wp\/v2\/users\/1"}],"replies":[{"embeddable":true,"href":"http:\/\/www.animalist.eu\/index.php?rest_route=%2Fwp%2Fv2%2Fcomments&post=4514"}],"version-history":[{"count":6,"href":"http:\/\/www.animalist.eu\/index.php?rest_route=\/wp\/v2\/posts\/4514\/revisions"}],"predecessor-version":[{"id":4526,"href":"http:\/\/www.animalist.eu\/index.php?rest_route=\/wp\/v2\/posts\/4514\/revisions\/4526"}],"wp:attachment":[{"href":"http:\/\/www.animalist.eu\/index.php?rest_route=%2Fwp%2Fv2%2Fmedia&parent=4514"}],"wp:term":[{"taxonomy":"category","embeddable":true,"href":"http:\/\/www.animalist.eu\/index.php?rest_route=%2Fwp%2Fv2%2Fcategories&post=4514"},{"taxonomy":"post_tag","embeddable":true,"href":"http:\/\/www.animalist.eu\/index.php?rest_route=%2Fwp%2Fv2%2Ftags&post=4514"}],"curies":[{"name":"wp","href":"https:\/\/api.w.org\/{rel}","templated":true}]}}