{"id":2519,"date":"2018-01-30T13:25:40","date_gmt":"2018-01-30T12:25:40","guid":{"rendered":"http:\/\/www.animalist.eu\/?p=2519"},"modified":"2018-02-05T13:52:56","modified_gmt":"2018-02-05T12:52:56","slug":"animalist-br-159","status":"publish","type":"post","link":"http:\/\/www.animalist.eu\/?p=2519","title":{"rendered":"AnimaList br. 159"},"content":{"rendered":"<p><em>\u201eNaravno da su \u017eivotinje dio obitelji. Vrijeme je da se prestane obiteljima govoriti tko ne bi trebao biti dio obitelji. Obitelj se stvara ljubavlju i me\u0111usobnom povezano\u0161\u0107u, i neka svaka obitelj sama odlu\u010di koga \u0107e sve uklju\u010diti u svoju zajednicu.\u201d<\/em> \u2013 Luka Oman, predsjednik Prijatelja \u017eivotinja<\/p>\n<h4><strong><span style=\"color: #00ac97;\">Dopustiti gradovima da zabrane petarde!<\/span><\/strong><\/h4>\n<p><div class=\"one_fourth\"><img loading=\"lazy\" class=\"alignnone wp-image-2114 size-full\" src=\"http:\/\/www.animalist.eu\/wp-content\/uploads\/2018\/01\/preplaseni-pas-1.png\" alt=\"Preplaseni pas\" width=\"250\" height=\"225\" \/>  <\/div>Viroviti\u010dki veterinari pokrenuli su peticiju za zabranu petardi, u \u010demu smo ih podr\u017eali i sudjelovali na tiskovnoj konferenciji 19. sije\u010dnja 2018. u Virovitici, gdje je inicijativi koja se ti\u010de <a href=\"http:\/\/www.prijatelji-zivotinja.hr\/index.hr.php?id=3420\" target=\"_blank\">zabrane uporabe pirotehni\u010dkih sredstava<\/a> dao podr\u0161ku i viroviti\u010dki gradona\u010delnik Ivica Kirin. Pozivamo sve da potpi\u0161u <a href=\"http:\/\/prijatelji-zivotinja.hr\/index.hr.php?id=3419\" target=\"_blank\">peticiju<\/a> za hitnu izmjenu Zakona o eksplozivnim tvarima kojom bi se, zbog sigurnosti ljudi i \u017eivotinja, zabranila bu\u010dna pirotehnika tijekom cijele godine ili barem omogu\u0107ilo lokalnim zajednicama da donesu zabranu na svojemu podru\u010dju.<\/p>\n<p><span style=\"color: #ffffff;\">x<\/span><\/p>\n<hr \/>\n<h4><strong><span style=\"color: #00ac97;\">Bik iz Hrvatske u libanonskoj klaonici<\/span><\/strong><\/h4>\n<p><div class=\"one_fourth\"><img loading=\"lazy\" class=\"alignnone wp-image-2116 size-full\" src=\"http:\/\/www.animalist.eu\/wp-content\/uploads\/2018\/01\/bik-u-klaonici.png\" alt=\"Bik u klaonici\" width=\"250\" height=\"225\" \/> <\/div>Pogledajte dvije snimke organizacije Animals International iz pro\u0161le godine, koje su rezultat <a href=\"http:\/\/prijatelji-zivotinja.hr\/index.hr.php?id=3411\" target=\"_blank\">istrage o okrutnosti transporta \u017eivotinja<\/a>. Prva uznemiruju\u0107a snimka prikazuje <a href=\"https:\/\/www.youtube.com\/watch?v=K0zXvQGe4Hw&#038;feature=youtu.be\" target=\"_blank\">istovar bika s hrvatskom oznakom<\/a> u klaonicu u Libanonu. Prestravljenoj \u017eivotinji stra\u017enja noga vezana je u\u017eetom za strop, a prednja za kamion kojim je tek stigla. Jedan radnik tako razapetog bika dr\u017ei za glavu, a drugi mu re\u017ee vrat dok je bik pri punoj svijesti. Na drugoj se vidi dolazak i pretovar \u017eivotinja iz Austrije, Litve i Slova\u010dke u hrvatskoj luci Ra\u0161a odakle se one odvoze u Tursku. Me\u0111u njima je i <a href=\"https:\/\/www.youtube.com\/watch?v=i56oyI5mfxM&#038;feature=youtu.be\" target=\"_blank\">mladi bik koji se uspijeva otrgnuti i bje\u017ei<\/a>, no radnici ga love i vra\u0107aju me\u0111u ostale \u017eivotinje, na daljnje petodnevno putovanje brodom s kojega se ne\u0107e vratiti. Ovakva okrutnost mo\u017ee se sprije\u010diti prelaskom na veganstvo!<\/p>\n<p><span style=\"color: #ffffff;\">x<\/span><\/p>\n<hr \/>\n<h4><strong><span style=\"color: #00ac97;\">Prihvati izazov i usudi se biti vegan<\/span><\/strong><\/h4>\n<p><div class=\"one_fourth\"><img loading=\"lazy\" class=\"alignnone wp-image-2118 size-full\" src=\"http:\/\/www.animalist.eu\/wp-content\/uploads\/2018\/01\/vege-izazov.png\" alt=\"prijavi se na Vege izazov\" width=\"250\" height=\"225\" \/> <\/div>Poznata tvrtka za istra\u017eivanje tr\u017ei\u0161ta hrane i restorana predvidjela je 2018. kao godinu u kojoj \u0107e veganstvo postati vode\u0107i prehrambeni trend. Jedna od <a href=\"http:\/\/www.prijatelji-zivotinja.hr\/index.hr.php?id=3412\" target=\"_blank\">najpozitivnijih odluka<\/a> koje svatko mo\u017ee donijeti po\u010detkom godine jest prihvatiti <a href=\"http:\/\/www.veganopolis.net\/veganski-izazov\" target=\"_blank\">Vege izazov<\/a>. Kroz Vege izazov zainteresirani svaki dan sljede\u0107ih 30 dana dobiju <i>e-mail<\/i> s receptima i zanimljivim informacijama o veganstvu. Sije\u010danj je dokazano najbolji za dono\u0161enje odluka, zbog \u010dega postoji i svjetska kampanja <a href=\"https:\/\/veganuary.com\/\" target=\"_blank\"><i>Veganuary<\/i><\/a>. Pridru\u017eite se i vi!<\/p>\n<p><span style=\"color: #ffffff;\">x<\/span><\/p>\n<hr \/>\n<h4><strong><span style=\"color: #00ac97;\">Udomi!<\/span><\/strong><\/h4>\n<p><div class=\"one_fourth\"><img loading=\"lazy\" class=\"alignnone wp-image-2118 size-full\" src=\"http:\/\/www.animalist.eu\/wp-content\/uploads\/2018\/01\/braca-Vidovic-u-kampanji-Udomi.png\" alt=\"Braca Vidovic u kampanji Udomi\" width=\"250\" height=\"225\" \/> <\/div>Bra\u0107a Filip i Luka Vidovi\u0107, sura\u0111uju\u0107i s nama u <a href=\"http:\/\/prijatelji-zivotinja.hr\/index.hr.php?id=3416\" target=\"_blank\">kampanji \u201eUdomi\u201d<\/a>! , na\u0161li su se pred kamerama kako bi udru\u017eili snage za napu\u0161tene \u017eivotinje i pozvali na udomljavanje. Simpati\u010dan dvojac u videu, uz plesa\u010dicu Saru Ugrini\u0107, brejkdensera Juraja Horvata i iluzionista Aryana Ivankovi\u0107a, kroz obrtanje uloga poti\u010de gledatelje da se postave u situaciju napu\u0161tenoga psa i njegov te\u017eak put do novoga doma. Osim u <a href=\"https:\/\/www.youtube.com\/watch?v=ErReZ8ZFNkY\" target=\"_blank\">videu<\/a>, bra\u0107a Vidovi\u0107 i pas Lola pozivaju na udomljavanje i na <a href=\"http:\/\/prijatelji-zivotinja.hr\/index.hr.php?id=3417\" target=\"_blank\">fotografijama<\/a> za <i>jumbo<\/i> <a href=\"http:\/\/prijatelji-zivotinja.hr\/index.hr.php?id=529\" target=\"_blank\">plakate<\/a> postavljene u Zagrebu, Osijeku i drugim gradovima. Svim jednicama lokalne samouprave besplatno smo ponudili <a href=\"http:\/\/prijatelji-zivotinja.hr\/index.hr.php?id=668\" target=\"_blank\">vizual za tisak i distribuciju<\/a> u njihovim lokalnim zajednicama.<\/p>\n<p><span style=\"color: #ffffff;\">x<\/span><\/p>\n<hr \/>\n<h4><strong><span style=\"color: #00ac97;\">Zabrana uzgoja radi krzna u BiH<\/span><\/strong><\/h4>\n<p><div class=\"one_fourth\"><img loading=\"lazy\" class=\"alignnone wp-image-2118 size-full\" src=\"http:\/\/www.animalist.eu\/wp-content\/uploads\/2018\/01\/cincila-u-kavezu.png\" alt=\"Cincila u kavezu\" width=\"250\" height=\"225\" \/> <\/div>1. sije\u010dnja 2018. u Bosni i Hercegovini, poslije dugog prijelaznog razdoblja, stupila je na snagu <a href=\"http:\/\/prijatelji-zivotinja.hr\/index.hr.php?id=3414\" target=\"_blank\">zabrana uzgoja \u017eivotinja radi krzna<\/a>! Stupanje na snagu ove va\u017ene zabrane, s prijelaznim razdobljem do kraja 2017. godine, propisano je Zakonom o za\u0161titi i dobrobiti \u017eivotinja iz 2009. godine. Uzgajiva\u010di su u nekoliko poku\u0161aja nastojali ukinuti zabranu ili produljiti prijelazno razdoblje. Zadnji poku\u0161aj da se produlji prijelazno razdoblje ostao je jo\u0161 uvijek u proceduri, iako je sada, kada je zabrana stupila na snagu, potpuno apsurdan.<\/p>\n<p><span style=\"color: #ffffff;\">x<\/span><\/p>\n<hr \/>\n<h4><strong><span style=\"color: #00ac97;\">Norve\u0161ki vukovi ne umiru sami!<\/span><\/strong><\/h4>\n<p><div class=\"one_fourth\"><img loading=\"lazy\" class=\"alignnone wp-image-2118 size-full\" src=\"http:\/\/www.animalist.eu\/wp-content\/uploads\/2018\/01\/prosvjed-pred-norveskom-ambasadom.png\" alt=\"prosvjed pred norveskom ambasadom\" width=\"250\" height=\"225\" \/> <\/div>Pru\u017eili smo potporu organizaciji NOAH koja je pokrenula <a href=\"https:\/\/www.facebook.com\/events\/1903385963307315\/\" target=\"_blank\">akciju<\/a> zaustavljanja masovnog pokolja vukova u Norve\u0161koj. Prilikom <a href=\"http:\/\/prijatelji-zivotinja.hr\/index.hr.php?id=3422\" target=\"_blank\">okupljanja<\/a> pred Veleposlanstvom Kraljevine Norve\u0161ke u Zagrebu, uru\u010dili smo predstavniku Veleposlanstva prosvjedno pismo u kojemu smo jasno iznijeli svoje protivljenje ovakvoj politici naglasiv\u0161i da su vukovi strogo za\u0161ti\u0107eni.<\/p>\n<p><span style=\"color: #ffffff;\">x<\/span><br \/>\n<span style=\"color: #ffffff;\">x<\/span><\/p>\n<hr \/>\n<h4><strong><span style=\"color: #00ac97;\"> Blic vijesti<\/span><\/strong><\/h4>\n<ul>\n<li>U nekoliko navrata <a href=\"http:\/\/prijatelji-zivotinja.hr\/index.hr.php?id=3415\" target=\"_blank\">reagirali smo<\/a> u javnosti zbog ubijanja <a href=\"http:\/\/100posto.hr\/news\/vlada-odobrila-pokolj-1200-jedinki-zasticenih-ptica-kormorana-jer-smetaju-ribicima\" target=\"_blank\">1198 za\u0161ti\u0107enih ptica kormorana<\/a> kako bi se za\u0161titio profit vlasnika ribnjaka.<\/li>\n<li>Dali smo izjavu za medije zbog prodaje majmuna po oglasnicima i njihova kori\u0161tenja u glazbenim spotovima. Prilikom izrade novog Zakona o za\u0161titi \u017eivotinja nadle\u017eno ministarstvo odbilo je na\u0161 <a href=\"http:\/\/prijatelji-zivotinja.hr\/index.hr.php?id=2766\" target=\"_blank\">prijedlog da se zakonom regulira ovo crno tr\u017ei\u0161te<\/a> i da se uvede tzv. Pozitivna lista kao nu\u017ean minimum regulacije trgovine \u017eivotinjama.<\/li>\n<li>Komentirali smo <a href=\"http:\/\/prijatelji-zivotinja.hr\/index.hr.php?id=3426\" target=\"_blank\">slu\u010daj nesavjesnog pru\u017eanja veterinarske pomo\u0107i psu<\/a> i podizanje optu\u017enice protiv splitskog veterinara Igora Mio\u010da kojemu prijeti nov\u010dana kazna i do godinu dana zatvora.<\/li>\n<li>Osudili smo slu\u010daj Amerikanca koji se hvalio <a href=\"https:\/\/slobodnadalmacija.hr\/scena\/mozaik\/clanak\/id\/526612\/treba-li-nam-ovakav-turizam-bogati-amerikanac-stigao-u-hrvatsku-sa-snajperima-platio-kako-bi-pucao-u-divokoze-i-hvalisao-se-njihovim-krvavim-glavama\" target=\"_blank\">ubijanjem divokoza na Biokovu<\/a> i organiziranjem takvih krvavih pirova jer uvr\u0161tavanje ubijanja divljih \u017eivotinja u turisti\u010dku ponudu ne samo da je sramotno za Hrvatsku ve\u0107 izravno \u0161teti njezinu turisti\u010dkom ugledu koji se treba temeljiti na prirodnim ljepotama i o\u010duvanju prirode i \u017eivotinja.<\/li>\n<li>U utorak 23. sije\u010dnja 2018. u Europskome parlamentu u Bruxellesu otvorena je izlo\u017eba <a href=\"http:\/\/www.prijatelji-zivotinja.hr\/index.hr.php?id=3424\" target=\"_blank\">Make Fur History<\/a> koja zastupnicima u Parlamentu i svim zainteresiranim posjetiteljima predstavlja razloge zbog kojih industrija proizvodnje krzna pripada pro\u0161losti.<\/li>\n<li>Nastavljamo <a href=\"http:\/\/www.prijatelji-zivotinja.hr\/index.hr.php?id=3372\" target=\"_blank\">intenzivno provoditi aktivnosti<\/a> na provedbi Zakona o za\u0161titi \u017eivotinja. O sastancima koje smo protekli mjesec imali u raznim hrvatskim gradovima i o sastancima povjerenstava za izmjene zakonskih propisa koji se ti\u010du za\u0161tite \u017eivotinja mo\u017eete saznati vi\u0161e ovdje.<\/li>\n<li><strong>Novo na <i>webu<\/i><\/strong>:<br \/>\na) <a href=\"http:\/\/www.prijatelji-zivotinja.hr\/index.hr.php?id=3409\" target=\"_blank\">Dopis Ministarstva poljoprivrede ogla\u0161iva\u010dima<\/a><br \/>\nb) <a href=\"http:\/\/www.prijatelji-zivotinja.hr\/index.hr.php?id=3413\" target=\"_blank\">Novosti o veganstvu iz 2017. godine<\/a><br \/>\nc) Promjene na <a href=\"http:\/\/www.prijatelji-zivotinja.hr\/index.hr.php?id=665\" target=\"_blank\">Top listi pozitivaca i negativaca<\/a><br \/>\nd) Novo na YouTubeu: <a href=\"https:\/\/www.youtube.com\/watch?v=nuo9hgIp908\" target=\"_blank\">\u017divotinje u \u017eivim bo\u017ei\u0107nim jaslicama pate<\/a><\/p>\n<li>Osiguravaju\u0107e dru\u0161tvo GRAWE Hrvatska d.d. donator je udruge Prijatelji \u017eivotinja i svoju poslovnu filozofiju, izme\u0111u ostalog, temelji na podizanju svijesti o za\u0161titi najva\u017enijih \u017eivotnih vrijednosti. Ako Vi ili netko Vama blizak posjedujete osobno vozilo, izaberite GRAWE osiguranje jer time izravno poma\u017eete na\u0161em radu, a i sami ostvarujete pogodnosti.<\/li>\n<hr \/>\n<p>Sa stupanjem na snagu novog Zakona o za\u0161titi \u017eivotinja predstoji nam golem i uporan rad na poticanju njegove provedbe. Donacijom i uplatom godi\u0161nje \u010dlanarine dajete nam mogu\u0107nost da zajedno uspijemo. <a href=\"http:\/\/www.prijatelji-zivotinja.hr\/index.hr.php?id=857\" target=\"_blank\">Saznajte ovdje<\/a> na koje sve na\u010dine mo\u017eete pomo\u0107i. <\/p>\n<p>Hvala!<\/p>\n<p>Va\u0161i Prijatelji \u017eivotinja<\/p>\n<p>Pratite nas na na\u0161im dru\u0161tvenim mre\u017eama: <a href=\"https:\/\/twitter.com\/afcroatia\" target=\"_blank\">Twitter<\/a>, <a href=\"https:\/\/www.facebook.com\/prijateljizivotinjahr\/\" target=\"_blank\">Facebook<\/a>, <a href=\"https:\/\/www.linkedin.com\/in\/prijatelji-%C5%BEivotinja-765a0a29\/\" target=\"_blank\">LinkedIn<\/a>, <a href=\"https:\/\/www.instagram.com\/animalfriendscroatia\/\" target=\"_blank\">Instagram<\/a> i <a href=\"https:\/\/www.youtube.com\/user\/afcroatia\/\" target=\"_blank\">YouTubeu<\/a>.<\/p>\n","protected":false},"excerpt":{"rendered":"<p>\u201eNaravno da su \u017eivotinje dio obitelji. Vrijeme je da se prestane obiteljima govoriti tko ne bi trebao biti dio obitelji. Obitelj se stvara ljubavlju i me\u0111usobnom povezano\u0161\u0107u, i neka svaka obitelj sama odlu\u010di koga \u0107e sve uklju\u010diti u svoju zajednicu.\u201d \u2013 Luka Oman, predsjednik Prijatelja \u017eivotinja Dopustiti gradovima da zabrane petarde! Viroviti\u010dki veterinari pokrenuli su [&hellip;]<\/p>\n","protected":false},"author":1,"featured_media":2528,"comment_status":"closed","ping_status":"closed","sticky":false,"template":"","format":"standard","meta":[],"categories":[34],"tags":[],"_links":{"self":[{"href":"http:\/\/www.animalist.eu\/index.php?rest_route=\/wp\/v2\/posts\/2519"}],"collection":[{"href":"http:\/\/www.animalist.eu\/index.php?rest_route=\/wp\/v2\/posts"}],"about":[{"href":"http:\/\/www.animalist.eu\/index.php?rest_route=\/wp\/v2\/types\/post"}],"author":[{"embeddable":true,"href":"http:\/\/www.animalist.eu\/index.php?rest_route=\/wp\/v2\/users\/1"}],"replies":[{"embeddable":true,"href":"http:\/\/www.animalist.eu\/index.php?rest_route=%2Fwp%2Fv2%2Fcomments&post=2519"}],"version-history":[{"count":13,"href":"http:\/\/www.animalist.eu\/index.php?rest_route=\/wp\/v2\/posts\/2519\/revisions"}],"predecessor-version":[{"id":2541,"href":"http:\/\/www.animalist.eu\/index.php?rest_route=\/wp\/v2\/posts\/2519\/revisions\/2541"}],"wp:featuredmedia":[{"embeddable":true,"href":"http:\/\/www.animalist.eu\/index.php?rest_route=\/wp\/v2\/media\/2528"}],"wp:attachment":[{"href":"http:\/\/www.animalist.eu\/index.php?rest_route=%2Fwp%2Fv2%2Fmedia&parent=2519"}],"wp:term":[{"taxonomy":"category","embeddable":true,"href":"http:\/\/www.animalist.eu\/index.php?rest_route=%2Fwp%2Fv2%2Fcategories&post=2519"},{"taxonomy":"post_tag","embeddable":true,"href":"http:\/\/www.animalist.eu\/index.php?rest_route=%2Fwp%2Fv2%2Ftags&post=2519"}],"curies":[{"name":"wp","href":"https:\/\/api.w.org\/{rel}","templated":true}]}}