{"id":1965,"date":"2017-01-02T10:37:10","date_gmt":"2017-01-02T09:37:10","guid":{"rendered":"http:\/\/www.animalist.eu\/?p=1965"},"modified":"2017-07-19T12:48:48","modified_gmt":"2017-07-19T10:48:48","slug":"animalist-br-144","status":"publish","type":"post","link":"http:\/\/www.animalist.eu\/?p=1965","title":{"rendered":"AnimaList br. 144"},"content":{"rendered":"<h4><span style=\"color: #00ac97;\">Za spas \u010din\u010dila!<\/span><\/h4>\n<p><div class=\"one_fourth\">\u00a0\u00a0\u00a0\u00a0<a href=\"http:\/\/www.animalist.eu\/wp-content\/uploads\/2017\/01\/1.jpg\"><img loading=\"lazy\" class=\"alignnone size-full wp-image-1967\" src=\"http:\/\/www.animalist.eu\/wp-content\/uploads\/2017\/01\/1.jpg\" alt=\"Kissing of Mama and Baby Chinchilla in Front View on white\" width=\"250\" height=\"225\" \/><\/a> \u00a0\u00a0\u00a0\u00a0\u00a0 \u00a0 \u00a0<\/div>Vi\u0161e od 700 gra\u0111ana i udruga jo\u0161 jednom je glasno reklo <a href=\"http:\/\/www.prijatelji-zivotinja.hr\/index.hr.php?id=3125\">NE uzgoju \u010din\u010dila radi krzna<\/a> u Hrvatskoj! Prijedlog za dodatnom godinom iskori\u0161tavanja \u010din\u010dila na nedavno zaklju\u010denom <a href=\"https:\/\/esavjetovanja.gov.hr\/ECon\/MainScreen?entityId=4467\">javnom savjetovanju<\/a> nai\u0161ao je na jednoglasno negodovanje, tako da smo uvjereni da 1. sije\u010dnja 2017., nakon iznimno dugog desetogodi\u0161njeg prijelaznog razdoblja, slavimo Hrvatsku bez krzna uime gra\u0111ana, stru\u010dnjaka, institucija i samih \u017eivotinja.<\/p>\n<p><span style=\"color: #ffffff;\">xx<\/span><br \/>\n<span style=\"color: #ffffff;\">xx<\/span><\/p>\n<hr \/>\n<h4><span style=\"color: #00ac97;\">Veganstvom u novu godinu<\/span><\/h4>\n<p><div class=\"one_fourth\"><a href=\"http:\/\/www.animalist.eu\/wp-content\/uploads\/2017\/01\/2.jpg\"><img loading=\"lazy\" class=\"alignnone size-full wp-image-1968\" src=\"http:\/\/www.animalist.eu\/wp-content\/uploads\/2017\/01\/2.jpg\" alt=\"2\" width=\"250\" height=\"225\" \/><\/a><\/div>U 2016. godini bilje\u017eimo nevjerojatan porast zanimanja za veganstvo. Pozivamo sve da donesu <a href=\"http:\/\/prijatelji-zivotinja.hr\/index.hr.php?id=3134\">najsuosje\u0107ajniju novogodi\u0161nju odluku<\/a> i 2017. do\u010dekaju kao vegani, zbog ljubavi prema \u017eivotinjama, vlastitome zdravlju i planetu. Zasladite prelazak na veganstvo popularnom <a href=\"https:\/\/www.youtube.com\/watch?v=-11iSo0FBmk&amp;feature=youtu.be\">veganskom sarmom Mame Veganke<\/a>!<br \/>\n<span style=\"color: #ffffff;\">x<\/span><br \/>\n<span style=\"color: #ffffff;\">x<\/span><br \/>\n<span style=\"color: #ffffff;\">x<\/span><\/p>\n<hr \/>\n<h4><span style=\"color: #00ac97;\">Nizozemsko NE krznu<\/span><\/h4>\n<p><div class=\"one_fourth\"><a href=\"http:\/\/www.animalist.eu\/wp-content\/uploads\/2017\/01\/3.png\"><img loading=\"lazy\" class=\"alignnone size-full wp-image-1969\" src=\"http:\/\/www.animalist.eu\/wp-content\/uploads\/2017\/01\/3.png\" alt=\"3\" width=\"250\" height=\"225\" \/><\/a><\/div>U pravnoj bitci koju su nizozemski uzgajiva\u010di kuna vodili protiv dr\u017eave, nizozemski Vrhovni sud presudio je u korist <a href=\"http:\/\/www.prijatelji-zivotinja.hr\/index.hr.php?id=3133\">Nizozemske<\/a> i \u017eivotinja te tako uvrije\u017eio eti\u010dku svijest gra\u0111ana koji su protiv ubijanja radi krzna! Podsje\u0107amo, uzgoj \u010din\u010dila za krzno u Nizozemskoj <a href=\"http:\/\/www.prijatelji-zivotinja.hr\/index.hr.php?id=2953\">zabranjen je jo\u0161 1997. godine<\/a>.<br \/>\n<span style=\"color: #ffffff;\">x<\/span><br \/>\n<span style=\"color: #ffffff;\">x<\/span><br \/>\n<span style=\"color: #ffffff;\">x<\/span><\/p>\n<hr \/>\n<h4><span style=\"color: #00ac97;\">Premla\u0107eni pa zaklani<\/span><\/h4>\n<p><div class=\"one_fourth\"><a href=\"http:\/\/www.animalist.eu\/wp-content\/uploads\/2017\/01\/4.jpg\"><img loading=\"lazy\" class=\"alignnone size-full wp-image-1970\" src=\"http:\/\/www.animalist.eu\/wp-content\/uploads\/2017\/01\/4.jpg\" alt=\"4\" width=\"250\" height=\"225\" \/><\/a><\/div>I\u017eivljavanje nad \u017eivotinjama koje kolju za hranu mu\u010dna je ali rutinska praksa u industriji mesa i u Hrvatskoj. 2016. godinu obilje\u017eila je \u0161okantna snimka klanja teleta i krave, a <a href=\"http:\/\/prijatelji-zivotinja.hr\/index.hr.php?id=3135\">tragove mu\u010denja<\/a> nose i tijela mrtvih \u017eivotinja u hrvatskim trgovinama. \u017divotinje koje se uzgaja za hranu vode tu\u017ene \u017eivote u u\u017easnim uvjetima, a pomo\u0107i im najlak\u0161e mo\u017eemo tako da ih <a href=\"http:\/\/www.veganopolis.net\/veganski-izazov\">prestanemo jesti<\/a>.<br \/>\n<span style=\"color: #ffffff;\">x<\/span><br \/>\n<span style=\"color: #ffffff;\">x<\/span><\/p>\n<hr \/>\n<h4><span style=\"color: #00ac97;\">Kampanja #StopTheTrucks za zabranu prijevoza \u017eivih \u017eivotinja<\/span><\/h4>\n<p><div class=\"one_fourth\"><a href=\"http:\/\/www.animalist.eu\/wp-content\/uploads\/2017\/01\/5.jpg\"><img loading=\"lazy\" class=\"alignnone size-full wp-image-1971\" src=\"http:\/\/www.animalist.eu\/wp-content\/uploads\/2017\/01\/5.jpg\" alt=\"5\" width=\"250\" height=\"225\" \/><\/a><\/div>Zemlje EU-a svake godine izvezu preko milijardu \u017eivih ptica i 37 milijuna ostalih \u017eivotinja. \u017divotinje provode dane u pretrpanim kamionima i brodovima, izlo\u017eene ekstremnim uvjetima i nasilju, a na odredi\u0161tu ih \u010deka mesarski no\u017e. Potpi\u0161ite peticiju za zabranu prijevoza \u017eivih \u017eivotinja <a href=\"http:\/\/www.stopthetrucks.eu\/en\/\">ovdje<\/a>!<br \/>\n<span style=\"color: #ffffff;\">x<\/span><br \/>\n<span style=\"color: #ffffff;\">x<\/span><br \/>\n<span style=\"color: #ffffff;\">x<\/span><\/p>\n<hr \/>\n<h4><span style=\"color: #00ac97;\">Blic vijesti<\/span><\/h4>\n<ul>\n<li>Reagirali smo u medijima na apsurdni prijedlog da se zabrani uporaba naziva \u201emesnih\u201d specijaliteta poput kobasica i pa\u0161teta za vege proizvode, a sve smatramo napadom na proizvo\u0111a\u010de i potro\u0161a\u010de koji \u017eele i trebaju eti\u010dnije, ekolo\u0161kije i zdravije proizvode.<\/li>\n<li>Vara\u017edinska veterinarska inspekcija hitro je reagirala na na\u0161u <a href=\"http:\/\/www.prijatelji-zivotinja.hr\/index.hr.php?id=3129\">prijavu<\/a> i sprije\u010dila odr\u017eavanje javnog kolinja u organizaciji motokluba iz Vara\u017edinskih Toplica.<\/li>\n<li>Prisustvovali smo predstavljanju bro\u0161ure \u201ePravilna prehrana u dje\u010djim vrti\u0107ima Grada Zagreba\u201d u organizaciji Grada, a jedna od tema bila je va\u017enost uvo\u0111enja veganskih obroka u vrti\u0107e.<\/li>\n<li>Ciklus predavanja o pravima \u017eivotinja za osnovno\u0161kolce \u201eSvi smo mi dio istog svijeta\u201d nastavili smo posjetom zagreba\u010dkoj knji\u017enici Medve\u0161\u010dak.<\/li>\n<li>Svim ve\u0107im knji\u017enicama u Hrvatskoj poslali smo tra\u017eenu knjigu za mlade \u201eMama, tata, ja sam vegan\u201d, koja se jo\u0161 mo\u017ee naru\u010diti bez naplate.<\/li>\n<li>Vode\u0107a francuska udruga za prava \u017eivotinja One Voice u <a href=\"http:\/\/www.prijatelji-zivotinja.hr\/data\/file_11215.pdf\">dopisu ministru poljoprivrede<\/a> Tolu\u0161i\u0107u podr\u017eala je stupanje na snagu zabrane uzgoja \u010din\u010dila radi krzna 1. sije\u010dnja 2017.<\/li>\n<li>Na veselom prednovogodi\u0161njem dru\u017eenju s volonterima zahvalili smo svima vama koji nam tijekom cijele godine nesebi\u010dno poma\u017eete. \ud83d\ude42<\/li>\n<li>Izdvajamo novo na <em>webu<\/em>:<br \/>\n\t<a href=\"https:\/\/www.youtube.com\/watch?v=tXVoxk4KSYE&amp;feature=youtu.be\">Novi video<\/a> na na\u0161em YouTube-kanalu (oprez: uznemiruju\u0107e snimke)<br \/>\n\tPromjene na <a href=\"http:\/\/www.prijatelji-zivotinja.hr\/index.hr.php?id=665\">Top listama pozitivaca i negativaca<\/a><br \/>\n\t<a href=\"http:\/\/prijatelji-zivotinja.hr\/index.hr.php\">Nova izjava i link tjedna<\/a><\/li>\n<\/ul>\n<hr \/>\n<p>Na\u0161e aktivnosti i dalje mo\u017eete pratiti na na\u0161oj <a href=\"https:\/\/www.facebook.com\/Prijatelji-%C5%BEivotinja-143600332358489\/?fref=ts\">Facebook-stranici<\/a>, a za dobivanje besplatnih veganskih recepata i informacija predbilje\u017eite se na e-vjesnik <a href=\"http:\/\/www.zeleni-ponedjeljak.com\/index.php\/hr\/ukljucite-se\">Zeleni ponedjeljak<\/a>.<\/p>\n<p>Hvala vam na ljubaznoj <a href=\"http:\/\/www.prijatelji-zivotinja.hr\/index.hr.php?id=857\">potpori<\/a>, <a href=\"http:\/\/www.prijatelji-zivotinja.hr\/index.hr.php?id=99\">\u010dlanstvu<\/a> i aktivnom <a href=\"http:\/\/www.prijatelji-zivotinja.hr\/index.hr.php?id=765\">uklju\u010divanju<\/a> u na\u0161e aktivnosti za unaprje\u0111enje prava \u017eivotinja!<\/p>\n<p>Sve najbolje u novoj godini \u017eele vam va\u0161i Prijatelji \u017eivotinja<\/p>\n","protected":false},"excerpt":{"rendered":"<p>Za spas \u010din\u010dila! Vi\u0161e od 700 gra\u0111ana i udruga jo\u0161 jednom je glasno reklo NE uzgoju \u010din\u010dila radi krzna u Hrvatskoj! Prijedlog za dodatnom godinom iskori\u0161tavanja \u010din\u010dila na nedavno zaklju\u010denom javnom savjetovanju nai\u0161ao je na jednoglasno negodovanje, tako da smo uvjereni da 1. sije\u010dnja 2017., nakon iznimno dugog desetogodi\u0161njeg prijelaznog razdoblja, slavimo Hrvatsku bez krzna [&hellip;]<\/p>\n","protected":false},"author":1,"featured_media":1972,"comment_status":"closed","ping_status":"closed","sticky":false,"template":"","format":"standard","meta":[],"categories":[32],"tags":[],"_links":{"self":[{"href":"http:\/\/www.animalist.eu\/index.php?rest_route=\/wp\/v2\/posts\/1965"}],"collection":[{"href":"http:\/\/www.animalist.eu\/index.php?rest_route=\/wp\/v2\/posts"}],"about":[{"href":"http:\/\/www.animalist.eu\/index.php?rest_route=\/wp\/v2\/types\/post"}],"author":[{"embeddable":true,"href":"http:\/\/www.animalist.eu\/index.php?rest_route=\/wp\/v2\/users\/1"}],"replies":[{"embeddable":true,"href":"http:\/\/www.animalist.eu\/index.php?rest_route=%2Fwp%2Fv2%2Fcomments&post=1965"}],"version-history":[{"count":13,"href":"http:\/\/www.animalist.eu\/index.php?rest_route=\/wp\/v2\/posts\/1965\/revisions"}],"predecessor-version":[{"id":2252,"href":"http:\/\/www.animalist.eu\/index.php?rest_route=\/wp\/v2\/posts\/1965\/revisions\/2252"}],"wp:featuredmedia":[{"embeddable":true,"href":"http:\/\/www.animalist.eu\/index.php?rest_route=\/wp\/v2\/media\/1972"}],"wp:attachment":[{"href":"http:\/\/www.animalist.eu\/index.php?rest_route=%2Fwp%2Fv2%2Fmedia&parent=1965"}],"wp:term":[{"taxonomy":"category","embeddable":true,"href":"http:\/\/www.animalist.eu\/index.php?rest_route=%2Fwp%2Fv2%2Fcategories&post=1965"},{"taxonomy":"post_tag","embeddable":true,"href":"http:\/\/www.animalist.eu\/index.php?rest_route=%2Fwp%2Fv2%2Ftags&post=1965"}],"curies":[{"name":"wp","href":"https:\/\/api.w.org\/{rel}","templated":true}]}}