{"id":1855,"date":"2016-10-07T14:03:57","date_gmt":"2016-10-07T12:03:57","guid":{"rendered":"http:\/\/www.animalist.eu\/?p=1855"},"modified":"2017-07-19T13:41:16","modified_gmt":"2017-07-19T11:41:16","slug":"animalist-br-141","status":"publish","type":"post","link":"http:\/\/www.animalist.eu\/?p=1855","title":{"rendered":"AnimaList br. 141"},"content":{"rendered":"<h4><span style=\"color: #00ac97;\">Tribina &#8221;Za bolji Zakon&#8221;<\/span><\/h4>\n<p><div class=\"one_fourth\"><a href=\"http:\/\/www.animalist.eu\/wp-content\/uploads\/2016\/10\/tribina.png\"><img loading=\"lazy\" class=\"alignnone size-full wp-image-1864\" src=\"http:\/\/www.animalist.eu\/wp-content\/uploads\/2016\/10\/tribina.png\" alt=\"tribina\" width=\"250\" height=\"225\" \/><\/a><\/div>Organizirali smo tribinu &#8221;<a href=\"http:\/\/http:\/\/www.prijatelji-zivotinja.hr\/index.hr.php?id=3070\">Za bolji Zakon o za\u0161titi \u017eivotinja<\/a>&#8221; s ciljem informiranja javnostticanja na slanje komentara prije kraja <a href=\"http:\/\/http:\/\/www.prijatelji-zivotinja.hr\/index.hr.php?id=3074\">javne rasprave<\/a> o novom Zakonu. Neke od tema rasprave bile su zabrana <a href=\"http:\/\/http:\/\/www.prijatelji-zivotinja.hr\/index.hr.php?id=2735\">uzgoja \u017eivotinja za krzno<\/a>, zabrana <a href=\"http:\/\/http:\/\/www.prijatelji-zivotinja.hr\/index.hr.php?id=2763\">ubijanja \u017eivotinja u skloni\u0161tima<\/a> i <a href=\"http:\/\/http:\/\/www.prijatelji-zivotinja.hr\/index.hr.php?id=2756\">iskori\u0161tavanja konja za izvla\u010denje drva<\/a> iz \u0161ume. Ministarstvo poljoprivrede podr\u017ealo je \u010duvanje postoje\u0107e odredbe o zabrani uzgoja \u017eivotinja za krzno, no s prijedlogom da se odobri jo\u0161 godina dana dodatnog prijelaznog razdoblja. Pogledajte <a href=\"http:\/\/http:\/\/www.prijatelji-zivotinja.hr\/index.hr.php?id=2750\">sve prijedloge<\/a> izmjena Zakona o za\u0161titi \u017eivotinja.<\/p>\n<hr \/>\n<h4><span style=\"color: #00ac97;\">Zavr\u0161ena javna rasprava o Zakonu o za\u0161titi \u017eivotinja<\/span><\/h4>\n<div><div class=\"one_fourth\"><a href=\"http:\/\/www.animalist.eu\/wp-content\/uploads\/2016\/10\/javna-rasprava.png\"><img loading=\"lazy\" class=\"alignnone size-full wp-image-1859\" src=\"http:\/\/www.animalist.eu\/wp-content\/uploads\/2016\/10\/javna-rasprava.png\" alt=\"javna-rasprava\" width=\"250\" height=\"225\" \/><\/a><\/div>Javna rasprava o Prijedlogu Zakona o za\u0161titi \u017eivotinja zavr\u0161ena je s vi\u0161e od 1200 komentara. Zahvaljujemo svima koji su sudjelovali te vjerujemo da \u0107e Ministarstvo poljoprivrede razmotriti <a href=\"http:\/\/www.prijatelji-zivotinja.hr\/index.hr.php?id=3060\">sve prijedloge pobolj\u0161anja<\/a> i uvrstiti u novi Zakon o za\u0161titi \u017eivotinja dodatne odredbe koje \u0161tite \u017eivotinje od mu\u010denja i ubijanja.<br \/>\n<span style=\"color: #ffffff;\">x<\/span><br \/>\n<span style=\"color: #ffffff;\">x<\/span><br \/>\n<span style=\"color: #ffffff;\">x<\/span><\/p>\n<hr \/>\n<h4><span style=\"color: #00ac97;\">ZeGeVege festival &#8211; Veganmania u punom sjaju<\/span><\/h4>\n<p><div class=\"one_fourth\"><a href=\"http:\/\/www.animalist.eu\/wp-content\/uploads\/2016\/10\/ZGVG.png\"><img loading=\"lazy\" class=\"alignnone size-full wp-image-1868\" src=\"http:\/\/www.animalist.eu\/wp-content\/uploads\/2016\/10\/ZGVG.png\" alt=\"zgvg\" width=\"250\" height=\"225\" \/><\/a><\/div>Vi\u0161e od 100 doma\u0107ih i inozemnih izlaga\u010da zdrave hrane, ekolo\u0161kih proizvoda i kozmetike koja nije testirana na \u017eivotinjama predstavilo se na <a href=\"http:\/\/www.prijatelji-zivotinja.hr\/index.hr.php?id=3069\">ovogodi\u0161njem ZeGeVege festivalu<\/a> 2. i 3. rujna. Bogat program radionica kuhanja i predavanja o razli\u010ditim podru\u010djima veganstva i odr\u017eivog \u017eivljenja te brojni glazbenici i plesne skupine izmjenjivali su se tijekom oba dana na pozornici i cijelom Trgu bana Jela\u010di\u0107a na kojem se odr\u017eavao vrlo posje\u0107eni ZeGeVege. <a href=\"http:\/\/www.prijatelji-zivotinja.hr\/index.hr.php?id=3072\">Djeli\u0107 odli\u010dne atmosfere<\/a> mo\u017eete vidjeti na\u00a0<a href=\"http:\/\/www.zegevege.com\/\">www.zegevege.com<\/a>\u00a0i na <a href=\"https:\/\/www.facebook.com\/ZeGeVegeFestival\/\"><em>Facebook<\/em>-stranici Festivala<\/a>.<\/p>\n<hr \/>\n<h4><span style=\"color: #00ac97;\">Akcija &#8220;Udomljavanje je fora&#8221;<\/span><\/h4>\n<p><div class=\"one_fourth\"><a href=\"http:\/\/www.animalist.eu\/wp-content\/uploads\/2016\/10\/sklonista.png\"><img loading=\"lazy\" class=\"alignnone size-full wp-image-1863\" src=\"http:\/\/www.animalist.eu\/wp-content\/uploads\/2016\/10\/sklonista.png\" alt=\"sklonista\" width=\"250\" height=\"225\" \/><\/a><\/div>Pozvali smo gra\u0111ane na odgovornu skrb o \u017eivotinjama na akciji &#8221;<a href=\"http:\/\/www.prijatelji-zivotinja.hr\/index.hr.php?id=3075\">Udomljavanje je fora<\/a>&#8221; Grada Zagreba i Skloni\u0161ta za nezbrinute \u017eivotinje grada Zagreba u Dumovcu, s temom zabrane dr\u017eanja pasa na lancu. Grad Zagreb donio je 2015. godine odluku kojom je zabranjen ovakav na\u010din dr\u017eanja pasa, a ovim izmjenama Zakona o za\u0161titi \u017eivotinja zabrana dr\u017eanja stalno vezanih pasa vrijedit \u0107e i za cijelu Hrvatsku. Pozvali smo sve <a href=\"http:\/\/www.prijatelji-zivotinja.hr\/index.hr.php?id=2283\">da ne kupuju pse<\/a>, ve\u0107 da ih udomljavaju.<br \/>\n<span style=\"color: #ffffff;\">x\u00a0<\/span><\/p>\n<hr \/>\n<h4><span style=\"color: #00ac97;\">Djeca &#8211; \u017ertve marketinga mlije\u010dne industrije<\/span><\/h4>\n<p><div class=\"one_fourth\"><a href=\"http:\/\/www.animalist.eu\/wp-content\/uploads\/2016\/10\/mlijeko.png\"><img loading=\"lazy\" class=\"alignnone size-full wp-image-1860\" src=\"http:\/\/www.animalist.eu\/wp-content\/uploads\/2016\/10\/mlijeko.png\" alt=\"mlijeko\" width=\"250\" height=\"225\" \/><\/a><\/div>Predstavnici mlije\u010dne industrije na Bundeku su obilje\u017eili Dan \u0161kolskog mlijeka. Ciljana skupina promid\u017ebenog programa su djeca osnovno\u0161kolske dobi koju nastoje potaknuti na obavezno konzumiranje mlije\u010dnog obroka. \u017divotinjsko mlijeko nije nimalo nu\u017eno, nije prirodno, a ni zdravo za ljudsku djecu, a uz to je neekolo\u0161ko i nimalo eti\u010dno. Kako bismo potaknuli na razmi\u0161ljanje, reagirali smo dopisom te \u0107e nam biti drago da ga i vi <a href=\"http:\/\/www.prijatelji-zivotinja.hr\/index.hr.php?id=677\">pro\u010ditate<\/a>.<\/p>\n<p><span style=\"color: #ffffff;\">x<\/span><\/p>\n<hr \/>\n<h4><span style=\"color: #00ac97;\">Obilje\u017een Svjetski dan vegetarijanstva<\/span><\/h4>\n<p><div class=\"one_fourth\"><a href=\"http:\/\/www.animalist.eu\/wp-content\/uploads\/2016\/10\/rostilj.png\"><img loading=\"lazy\" class=\"alignnone size-full wp-image-1862\" src=\"http:\/\/www.animalist.eu\/wp-content\/uploads\/2016\/10\/rostilj.png\" alt=\"rostilj\" width=\"250\" height=\"225\" \/><\/a><\/div>Svjetski dan vegetarijanstva obilje\u017eava se 1. listopada jo\u0161 od 1977. godine, s ciljem poticanja ljudi da razmisle o eti\u010dkim, ekolo\u0161kim i zdravstvenim prednostima vegetarijanskog na\u010dina \u017eivota. Na\u0161a aktivistica simboli\u010dki je pretvorila svoje tijelo u\u00a0<a href=\"http:\/\/www.prijatelji-zivotinja.hr\/index.hr.php?id=3086\">komad mesa na ro\u0161tilju<\/a>. Performansom se \u017eeljelo prikazati da ni\u010dije tijelo nije za ro\u0161tilj te da umjesto ruku, bokova i nogu mo\u017eemo jesti obilje ukusnih biljnih namirnica koje su dobre za na\u0161e zdravlje i okoli\u0161.<br \/>\n<span style=\"color: #ffffff;\">x<\/span><\/p>\n<hr \/>\n<h4><span style=\"color: #00ac97;\">Svjetski dan \u017eivotinja s farma<\/span><\/h4>\n<p><div class=\"one_fourth\"><a href=\"http:\/\/www.animalist.eu\/wp-content\/uploads\/2016\/10\/zivotinje-s-farmi.png\"><img loading=\"lazy\" class=\"alignnone size-full wp-image-1865\" src=\"http:\/\/www.animalist.eu\/wp-content\/uploads\/2016\/10\/zivotinje-s-farmi.png\" alt=\"zivotinje-s-farmi\" width=\"250\" height=\"225\" \/><\/a><\/div>U organizaciji ameri\u010dke organizacije FARM 2. listopada obilje\u017eava se Svjetski dan \u017eivotinja s farma, a brojne organizacije u svijetu skre\u0107u pozornost na patnju milijarda krava, svinja, pili\u0107a i drugih koji stradavaju na farmama i u klaonicama diljem svijeta.\u00a0<a href=\"http:\/\/www.prijatelji-zivotinja.hr\/index.hr.php?id=1110.\">\u017delimo u\u010diniti vidljivima patnju i potla\u010denost \u017eivotinja<\/a>\u00a0koje se institucionalno najmasovnije zlostavljaju i ubijaju. Pogledajte film <a href=\"https:\/\/www.youtube.com\/watch?v=9n9lT69rdNM\">60 milijarda<\/a> i preporu\u010dite svima da se prijave na\u00a0<a href=\"http:\/\/www.veganopolis.net\/veganski-izazov\">Vege izazov<\/a>\u00a0kojemu se ove godine pridru\u017eilo preko tisu\u0107u pojedinaca.<\/p>\n<p><span style=\"color: #ffffff;\">x<\/span><\/p>\n<hr \/>\n<h4><span style=\"color: #00ac97;\">Najava obilje\u017eavanja Me\u0111unarodnog dana za\u0161tite \u017eivotinja<\/span><\/h4>\n<p><a href=\"http:\/\/prijatelji-zivotinja.hr\/index.hr.php?id=3038\" target=\"_blank\"><div class=\"one_fourth\"><\/a><a href=\"http:\/\/www.animalist.eu\/wp-content\/uploads\/2016\/10\/piknik.png\"><img loading=\"lazy\" class=\"alignnone size-full wp-image-1861\" src=\"http:\/\/www.animalist.eu\/wp-content\/uploads\/2016\/10\/piknik.png\" alt=\"piknik\" width=\"250\" height=\"225\" \/><\/a><a href=\"http:\/\/prijatelji-zivotinja.hr\/index.hr.php?id=3038\" target=\"_blank\"><\/div><\/a>Odr\u017eali smo informativni \u0161tand kojim smo najavili obilje\u017eavanje Me\u0111unarodnog dana za\u0161tite \u017eivotinja koji Grad Zagreb organizira 9. listopada od 10 do 18 sati na Bundeku. Sudjelovat \u0107e brojne udruge za za\u0161titu \u017eivotinja, a tim povodom poma\u017eemo u organizaciji <a href=\"http:\/\/http:\/\/www.prijatelji-zivotinja.hr\/index.hr.php?id=3092\">Vege piknika<\/a> te pozivamo sve na u\u017eivanje u bezmesnim gurmanskim delicijama i zanimljivom glazbenom programu, iz kojeg izdvajamo koncert Crvene jabuke.<br \/>\n<span style=\"color: #ffffff;\">x<\/span><\/p>\n<hr \/>\n<h4><span style=\"color: #00ac97;\">Blic vijesti<\/span><\/h4>\n<ul>\n<li>Sudjelovali smo sa informativnim \u0161tandom u sklopu Dje\u010djeg dana na Maksimiru, gdje smo najmla\u0111ima dijelili bro\u0161uru &#8221;<a href=\"http:\/\/www.prijatelji-zivotinja.hr\/index.hr.php?id=2594\">\u017divot jedne koko\u0161i<\/a>&#8221;, a mogla se potpisati i <a href=\"http:\/\/www.prijatelji-zivotinja.hr\/index.hr.php?id=554\">peticija za uvo\u0111enje vegetarijanskih obroka u javne institucije<\/a>. Na\u0161i informativni \u0161tandovi razveseljavali su prolaznike i u Rijeci.<\/li>\n<li>Odr\u017eali smo sastanke na temu provo\u0111enja obveza lokalnih zajednica prema Zakonu o za\u0161titi \u017eivotinja s gradona\u010delnicima Rijeke, Svetog Ivana Zeline, Zapre\u0161i\u0107a, Jastrebarskog i Karlovca. Na zadnjem odr\u017eanom sastanku pokazala se velika spremnost te se \u010deka rje\u0161avanje problema tamo gdje je i nastao \u2013 u Karlovcu.<\/li>\n<li>Ambasadorica Me\u0111unarodnog dana za\u0161tite \u017eivotinja za Hrvatsku, Anita Euschen, sudjelovala je na me\u0111unarodnom sastanku ambasadora u Rimu te poziva sve da se priklju\u010de njegovu obilje\u017eavanju odlukom o nekom od <a href=\"http:\/\/www.prijatelji-zivotinja.hr\/index.hr.php?id=3091\">dobrih djela za \u017eivotinje<\/a>.<\/li>\n<li><a href=\"https:\/\/www.facebook.com\/589844797769306\/photos\/a.592206410866478.1073741829.589844797769306\/1110392629047851\/?type=3&amp;theater\">Me\u0111unarodna konferencija o dobrobiti \u017eivotinja<\/a> odr\u017eat \u0107e se od 11. do 13. listopada 2016. u Dubrovniku. Konferenciju organizira organizacija Dogs Trust, a sudjelovat \u0107e udruge za za\u0161titu \u017eivotinja iz cijele Hrvatske te udruge iz Srbije i Crne Gore.<\/li>\n<li>Nick Jukes iz organizacije InterNICHE odr\u017eat \u0107e 24. listopada u Ministarstvu poljoprivrede za predstavnike znanstvene zajednice radionicu o alternativama pokusima na \u017eivotinjama u obrazovanju i edukaciji. 26. listopada odr\u017eat \u0107e u prostorijama udruge Prijatelji \u017eivotinja zanimljivo predavanje o istoj temi za gra\u0111ane.<\/li>\n<li><em>Izdvajamo novo na webu:<\/em><br \/>\na) Promjena na\u00a0<a href=\"http:\/\/www.prijatelji-zivotinja.hr\/index.hr.php?id=665\">Top listi negativaca<br \/>\n<\/a>b) Objavljen <a href=\"http:\/\/www.prijatelji-zivotinja.hr\/index.hr.php?id=2975\">Oglas za posao<\/a> u Prijateljima \u017eivotinja<br \/>\nc) Intervju:\u00a0<a href=\"http:\/\/www.prijatelji-zivotinja.hr\/index.hr.php?id=3085\">Svijet odr\u017eivog razvoja<br \/>\n<\/a>d) Novi recepti za\u00a0<a href=\"http:\/\/www.prijatelji-zivotinja.hr\/index.hr.php?id=3087k\">veganski ro\u0161tilj<\/a><\/li>\n<\/ul>\n<hr \/>\n<p>Ako jo\u0161 niste, predbilje\u017eite se na <em>newsletter<\/em> <a href=\"http:\/\/www.zeleni-ponedjeljak.com\/index.php\/hr\/ukljucite-se\">Zeleni ponedjeljak<\/a> preko kojega \u0107ete svaki mjesec besplatno dobiti <em>e-mail<\/em> sa zanimljivim informacijama i receptima.<\/p>\n<p>Hvala svima na ljubaznoj <a href=\"http:\/\/www.prijatelji-zivotinja.hr\/index.hr.php?id=857\">potpori<\/a>, <a href=\"http:\/\/www.prijatelji-zivotinja.hr\/index.hr.php?id=99\">\u010dlanstvu<\/a> i redovitom pra\u0107enju te <a href=\"http:\/\/www.prijatelji-zivotinja.hr\/index.hr.php?id=765\">uklju\u010divanju<\/a> u na\u0161e aktivnosti.<\/p>\n<p>Va\u0161i Prijatelji \u017eivotinja<\/p>\n","protected":false},"excerpt":{"rendered":"<p>Tribina &#8221;Za bolji Zakon&#8221; Organizirali smo tribinu &#8221;Za bolji Zakon o za\u0161titi \u017eivotinja&#8221; s ciljem informiranja javnostticanja na slanje komentara prije kraja javne rasprave o novom Zakonu. Neke od tema rasprave bile su zabrana uzgoja \u017eivotinja za krzno, zabrana ubijanja \u017eivotinja u skloni\u0161tima i iskori\u0161tavanja konja za izvla\u010denje drva iz \u0161ume. Ministarstvo poljoprivrede podr\u017ealo je [&hellip;]<\/p>\n","protected":false},"author":1,"featured_media":1866,"comment_status":"closed","ping_status":"closed","sticky":false,"template":"","format":"standard","meta":[],"categories":[32],"tags":[],"_links":{"self":[{"href":"http:\/\/www.animalist.eu\/index.php?rest_route=\/wp\/v2\/posts\/1855"}],"collection":[{"href":"http:\/\/www.animalist.eu\/index.php?rest_route=\/wp\/v2\/posts"}],"about":[{"href":"http:\/\/www.animalist.eu\/index.php?rest_route=\/wp\/v2\/types\/post"}],"author":[{"embeddable":true,"href":"http:\/\/www.animalist.eu\/index.php?rest_route=\/wp\/v2\/users\/1"}],"replies":[{"embeddable":true,"href":"http:\/\/www.animalist.eu\/index.php?rest_route=%2Fwp%2Fv2%2Fcomments&post=1855"}],"version-history":[{"count":36,"href":"http:\/\/www.animalist.eu\/index.php?rest_route=\/wp\/v2\/posts\/1855\/revisions"}],"predecessor-version":[{"id":1876,"href":"http:\/\/www.animalist.eu\/index.php?rest_route=\/wp\/v2\/posts\/1855\/revisions\/1876"}],"wp:featuredmedia":[{"embeddable":true,"href":"http:\/\/www.animalist.eu\/index.php?rest_route=\/wp\/v2\/media\/1866"}],"wp:attachment":[{"href":"http:\/\/www.animalist.eu\/index.php?rest_route=%2Fwp%2Fv2%2Fmedia&parent=1855"}],"wp:term":[{"taxonomy":"category","embeddable":true,"href":"http:\/\/www.animalist.eu\/index.php?rest_route=%2Fwp%2Fv2%2Fcategories&post=1855"},{"taxonomy":"post_tag","embeddable":true,"href":"http:\/\/www.animalist.eu\/index.php?rest_route=%2Fwp%2Fv2%2Ftags&post=1855"}],"curies":[{"name":"wp","href":"https:\/\/api.w.org\/{rel}","templated":true}]}}