{"id":1813,"date":"2016-08-29T11:59:44","date_gmt":"2016-08-29T09:59:44","guid":{"rendered":"http:\/\/www.animalist.eu\/?p=1813"},"modified":"2017-07-19T13:45:46","modified_gmt":"2017-07-19T11:45:46","slug":"animalist-br-140-3","status":"publish","type":"post","link":"http:\/\/www.animalist.eu\/?p=1813","title":{"rendered":"AnimaList br. 140"},"content":{"rendered":"<h4 class=\"null\"><span style=\"color: #00ac97;\">Zootvor ostaje zootvor?<\/span><\/h4>\n<p><div class=\"one_fourth\"><a href=\"http:\/\/www.animalist.eu\/wp-content\/uploads\/2016\/08\/zootvor.jpg\"><img loading=\"lazy\" class=\"alignnone size-full wp-image-1816\" src=\"http:\/\/www.animalist.eu\/wp-content\/uploads\/2016\/08\/zootvor.jpg\" alt=\"Zootvor\" width=\"250\" height=\"225\" \/><\/a><\/div>Nakon postignute zabrane daljnjeg funkcioniranja zoolo\u0161kog vrta u kojem su \u017eivotinje bile u nedopustivo lo\u0161im uvjetima, nedavno je donesena odluka o otvaranju edukativnog centra s doma\u0107im \u017eivotinjama na Marjanu. <a href=\"http:\/\/prijatelji-zivotinja.hr\/index.hr.php?id=3036\" target=\"_blank\">U slu\u017ebenom dopisu Gradu<\/a> istaknuli smo kako je lo\u0161e divlje \u017eivotinje u kavezima zamijeniti doma\u0107ima te istodobno upozorili da problem zbrinjavanja napu\u0161tenih \u017eivotinja u Splitu osnivanjem gradskog skloni\u0161ta jo\u0161 nije rije\u0161en, dok se novac izdvaja za ovakve projekte.<\/p>\n<p><span style=\"color: #ffffff;\">x<\/span><\/p>\n<hr \/>\n<h4 class=\"null\"><\/h4>\n<h4 class=\"null\"><span style=\"color: #00ac97;\">Deve u \u0110ur\u0111evcu<\/span><\/h4>\n<div><div class=\"one_fourth\"><a href=\"http:\/\/www.animalist.eu\/wp-content\/uploads\/2016\/08\/deve.jpg\"><img loading=\"lazy\" class=\"alignnone size-full wp-image-1819\" src=\"http:\/\/www.animalist.eu\/wp-content\/uploads\/2016\/08\/deve.jpg\" alt=\"deve\" width=\"250\" height=\"225\" \/><\/a><\/div>Povodom saznanja o dovo\u0111enju deva u grad \u0110ur\u0111evac, <a href=\"http:\/\/www.prijatelji-zivotinja.hr\/index.hr.php?id=3037\" target=\"_blank\">obratili smo se gradona\u010delniku grada<\/a> isti\u010du\u0107i kako \u0110ur\u0111evac ni\u010dime ne zadovoljava uvjete za \u017eivot pustinjskih \u017eivotinja niti to mo\u017ee \u010dak i da ispuni sve zakonske propise. Osim \u0161to smo napomenuli da je zato\u010davanje \u017eivotinja zbog zabave sramotno za Grad i lo\u0161a promocija, predlo\u017eili smo da se gradski novac iskoristi za izgradnju skloni\u0161ta za napu\u0161tene \u017eivotinje jer \u0110ur\u0111evac jo\u0161 nije ispunio sve svoje zakonske obveze.<\/div>\n<div><span style=\"color: #ffffff;\">x<\/span><\/div>\n<div><span style=\"color: #ffffff;\">x<\/span><\/div>\n<div>\n<hr \/>\n<h4 class=\"null\"><\/h4>\n<h4 class=\"null\"><span style=\"color: #00ac97;\">Virtualna stvarnost i prava \u017eivotinja<\/span><\/h4>\n<div><div class=\"one_fourth\"><a href=\"http:\/\/www.animalist.eu\/wp-content\/uploads\/2016\/08\/virtualna-realnost.jpg\"><img loading=\"lazy\" class=\"alignnone size-full wp-image-1820\" src=\"http:\/\/www.animalist.eu\/wp-content\/uploads\/2016\/08\/virtualna-realnost.jpg\" alt=\"virtualna realnost\" width=\"250\" height=\"225\" \/><\/a><\/div>U suradnji s prvim hrvatskim studiom za virtualnu stvarnost pozvali smo gra\u0111ane da besplatno iskuse svijet virtualne stvarnosti, a to je ujedno bilo i <a href=\"http:\/\/prijatelji-zivotinja.hr\/index.hr.php?id=3039\" target=\"_blank\">premijerno kori\u0161tenje ove tehnologije u Hrvatskoj u slu\u017ebi za\u0161tite \u017eivotinja<\/a>. Pred gledatelje je postavljen izazov mogu li pogledati cijelu 10-minutnu snimku i izdr\u017eati pogled na ono \u0161to \u017eivotinje svakodnevno trpe. <a href=\"http:\/\/prijatelji-zivotinja.hr\/index.hr.php?id=3045\" target=\"_blank\">Pogledajte galeriju doga\u0111anja<\/a> i reakcije gra\u0111ana koji su sudjelovali, a video koji se pu\u0161tao <a href=\"https:\/\/www.youtube.com\/watch?v=fWKvhck7edY\" target=\"_blank\">pogledajte na YouTubeu<\/a>.<\/div>\n<div><span style=\"color: #ffffff;\">x<\/span><\/div>\n<div><span style=\"color: #ffffff;\">x<\/span><\/div>\n<div>\n<hr \/>\n<h4 class=\"null\"><\/h4>\n<h4 class=\"null\"><span style=\"color: #00ac97;\">Posjetite spektakularni 9. ZeGeVege festival!<\/span><\/h4>\n<div><div class=\"one_fourth\"><a href=\"http:\/\/www.animalist.eu\/wp-content\/uploads\/2016\/08\/zegevege.jpg\"><img loading=\"lazy\" class=\"alignnone size-full wp-image-1821\" src=\"http:\/\/www.animalist.eu\/wp-content\/uploads\/2016\/08\/zegevege.jpg\" alt=\"zegevege\" width=\"250\" height=\"225\" \/><\/a><\/div>Pozivamo vas na ovogodi\u0161nji <a href=\"http:\/\/www.prijatelji-zivotinja.hr\/index.hr.php?id=3047\" target=\"_blank\">9. ZeGeVege festival<\/a> s vi\u0161e od 100 doma\u0107ih i inozemnih izlaga\u010da. Festival \u0107e se odr\u017eati 2. i 3. rujna na zagreba\u010dkome Trgu bana Jela\u010di\u0107a. Posjetitelje o\u010dekuje bogat <a href=\"http:\/\/prijatelji-zivotinja.hr\/index.hr.php?id=3062\" target=\"_blank\">program veganskih radionica kuhanja, zanimljiva predavanja<\/a>, <a href=\"http:\/\/prijatelji-zivotinja.hr\/index.hr.php?id=3054k\" target=\"_blank\">brojni glazbenici i plesne skupine<\/a>, veganski restorani, biljni sladoledi i sirovi kola\u010di, veganski kebab, burgeri od konoplje, kozmeti\u010dki proizvodi na biljnoj osnovi i netestirani na \u017eivotinjama, i jo\u0161 mnogo toga!<\/div>\n<div><span style=\"color: #ffffff;\">x\u00a0<\/span><\/div>\n<div><span style=\"color: #ffffff;\">x<\/span><\/div>\n<div>\n<hr \/>\n<\/div>\n<h4><\/h4>\n<h4><span style=\"color: #00ac97;\">Snaga je u bilju<\/span><\/h4>\n<div>\n<div><div class=\"one_fourth\"><a href=\"http:\/\/www.animalist.eu\/wp-content\/uploads\/2016\/08\/snaga-je-u-bilju.jpg\"><img loading=\"lazy\" class=\"alignnone size-full wp-image-1822\" src=\"http:\/\/www.animalist.eu\/wp-content\/uploads\/2016\/08\/snaga-je-u-bilju.jpg\" alt=\"snaga je u bilju\" width=\"250\" height=\"225\" \/><\/a><\/div>Trener fitnessa Mislav Skrepnik i nutricionistica biljne prehrane Ivana Rukavina najavili su ZeGeVege festival putem simpati\u010dnih plakata s porukom &#8221;<a href=\"http:\/\/prijatelji-zivotinja.hr\/index.hr.php?id=529\" target=\"_blank\">Snaga je u bilju<\/a>&#8221;. Na ZeGeVegeu \u0107e odr\u017eati i predavanje o dobrobitima biljne prehrane za sporta\u0161e.<\/div>\n<div><span style=\"color: #ffffff;\">x<\/span><\/div>\n<div><span style=\"color: #ffffff;\">x<\/span><\/div>\n<div><span style=\"color: #ffffff;\">x<\/span><\/div>\n<div><span style=\"color: #ffffff;\">x<\/span><\/div>\n<div>\n<hr \/>\n<h4 class=\"null\"><\/h4>\n<h4 class=\"null\"><span style=\"color: #00ac97;\">I Koki na hrvatskoj Veganmaniji<\/span><\/h4>\n<div><div class=\"one_fourth\"><a href=\"http:\/\/www.animalist.eu\/wp-content\/uploads\/2016\/08\/koki.jpg\"><img loading=\"lazy\" class=\"alignnone size-full wp-image-1823\" src=\"http:\/\/www.animalist.eu\/wp-content\/uploads\/2016\/08\/koki.jpg\" alt=\"koki\" width=\"250\" height=\"225\" \/><\/a><\/div>Kao posebnu go\u0161\u0107u na ZeGeVege<a href=\"http:\/\/www.prijatelji-zivotinja.hr\/index.hr.php?id=3059\" target=\"_blank\"> najavljujemo i Kseniju V. Kutla\u010di\u0107 iz Slovenije<\/a> koja \u0107e odr\u017eati predavanje o radu Uto\u010di\u0161ta Koki koje skrbi za \u017eivotinje spa\u0161ene iz uzgoja radi hrane.<\/div>\n<div><span style=\"color: #ffffff;\">x<\/span><\/div>\n<div><span style=\"color: #ffffff;\">x<\/span><\/div>\n<div><span style=\"color: #ffffff;\">x<\/span><\/div>\n<div><span style=\"color: #ffffff;\">x<\/span><\/div>\n<div>\n<hr \/>\n<h4 class=\"null\"><\/h4>\n<h4 class=\"null\"><span style=\"color: #00ac97;\">Svojem psu mo\u017eete re\u0107i sve&#8230; osim\u00a0zbogom<\/span><\/h4>\n<div><div class=\"one_fourth\"><a href=\"http:\/\/www.animalist.eu\/wp-content\/uploads\/2016\/08\/reci-psu.jpg\"><img loading=\"lazy\" class=\"alignnone size-full wp-image-1824\" src=\"http:\/\/www.animalist.eu\/wp-content\/uploads\/2016\/08\/reci-psu.jpg\" alt=\"reci psu\" width=\"250\" height=\"225\" \/><\/a><\/div>Podr\u017eali smo kampanju Svjetske organizacije za zdravlje \u017eivotinja (OIE) i Ministarstva poljoprivrede &#8221;<a href=\"http:\/\/prijatelji-zivotinja.hr\/index.hr.php?id=3048\" target=\"_blank\">Svojem psu mo\u017eete re\u0107i sve\u2026 osim zbogom<\/a>&#8221; kojom se promovira odgovorna briga za psa, odnosno obveza mikro\u010dipiranja i cijepljenja, ali se poziva i na nenapu\u0161tanje, to jest na cjelo\u017eivotnu brigu o psu. U sklopu kampanje tiskani su plakati i edukativni letci s korisnim informacijama za svakoga tko ve\u0107 skrbi ili \u017eeli udomiti psa.<\/div>\n<div><span style=\"color: #ffffff;\">x<\/span><\/div>\n<div><span style=\"color: #ffffff;\">x<\/span><\/div>\n<div>\n<hr \/>\n<h4 class=\"null\"><\/h4>\n<h4 class=\"null\"><span style=\"color: #00ac97;\">Zvijezda &#8221;Schindlerove liste&#8221; o veganstvu<\/span><\/h4>\n<div><a href=\"http:\/\/prijatelji-zivotinja.hr\/index.hr.php?id=3038\" target=\"_blank\"><div class=\"one_fourth\"><\/a><a href=\"http:\/\/www.animalist.eu\/wp-content\/uploads\/2016\/08\/svako-srce.jpg\"><img loading=\"lazy\" class=\"alignnone size-full wp-image-1825\" src=\"http:\/\/www.animalist.eu\/wp-content\/uploads\/2016\/08\/svako-srce.jpg\" alt=\"svako srce\" width=\"250\" height=\"225\" \/><\/a><a href=\"http:\/\/prijatelji-zivotinja.hr\/index.hr.php?id=3038\" target=\"_blank\"><\/div>U suradnji s PETA-om<\/a> preveli smo na hrvatski jezik i objavili dojmljivo vi\u0111enje budu\u0107nosti <a href=\"https:\/\/www.youtube.com\/watch?v=AZcXPhFvBWE\" target=\"_blank\">u kratkom videu &#8221;Nada&#8221;<\/a> s glumcem Jochenom Nickelom iz filma &#8221;Schindlerova lista&#8221;.<\/div>\n<div><span style=\"color: #ffffff;\">x<\/span><\/div>\n<div><span style=\"color: #ffffff;\">x<\/span><\/div>\n<div><span style=\"color: #ffffff;\">x<\/span><\/div>\n<div><span style=\"color: #ffffff;\">x<\/span><\/div>\n<div>\n<hr \/>\n<h4 class=\"null\"><\/h4>\n<h4 class=\"null\"><span style=\"color: #00ac97;\">Zakon o za\u0161titi \u017eivotinja na javnoj raspravi<\/span><\/h4>\n<div><a href=\"http:\/\/prijatelji-zivotinja.hr\/index.hr.php?id=3038\" target=\"_blank\"><div class=\"one_fourth\"><\/a><a href=\"http:\/\/www.animalist.eu\/wp-content\/uploads\/2016\/08\/zakon.jpg\"><img loading=\"lazy\" class=\"alignnone size-full wp-image-1826\" src=\"http:\/\/www.animalist.eu\/wp-content\/uploads\/2016\/08\/zakon.jpg\" alt=\"zakon\" width=\"250\" height=\"225\" \/><\/a><a href=\"http:\/\/prijatelji-zivotinja.hr\/index.hr.php?id=3038\" target=\"_blank\"><\/div><\/a>Otvoreno je <a href=\"https:\/\/esavjetovanja.gov.hr\/Econ\/MainScreen?EntityId=3923\" target=\"_blank\">savjetovanje sa zainteresiranom javno\u0161\u0107u<\/a> vezano uz nacrt Prijedloga Zakona o za\u0161titi \u017eivotinja. Pogledajte <a href=\"http:\/\/www.prijatelji-zivotinja.hr\/index.hr.php?id=2750\" target=\"_blank\">na\u0161e prijedloge za pojedine zakonske odredbe<\/a> i po\u0161aljite na stranicu za javno savjetovanje do 12. rujna 2016. <a href=\"http:\/\/www.prijatelji-zivotinja.hr\/index.hr.php?id=3061\" target=\"_blank\">svoje primjedbe za pobolj\u0161anje Zakona<\/a>. Pohvalno je za Ministarstvo poljoprivrede \u0161to je prihva\u0107ena sna\u017ena argumentacija za zabranu uzgoja \u017eivotinja za krzno. Ipak, Ministarstvo poljoprivrede u Prijedlogu Zakona odre\u0111uje dodatno prijelazno razdoblje do 1. sije\u010dnja 2018. za uzgajiva\u010de \u010din\u010dila koji nisu ispo\u0161tovali Zakon. O pozitivnim pomacima u Prijedlogu Zakona i onome \u0161to se jo\u0161 mo\u017ee pobolj\u0161ati <a href=\"http:\/\/prijatelji-zivotinja.hr\/index.hr.php?id=3060\" target=\"_blank\">pro\u010ditajte ovdje<\/a>.<\/div>\n<hr \/>\n<h4><\/h4>\n<h4><span style=\"color: #00ac97;\">Blic vijesti<\/span><\/h4>\n<ul>\n<li>Pozvali smo na priklju\u010divanje javnoj raspravi na temu<a href=\"http:\/\/prijatelji-zivotinja.hr\/index.hr.php?id=3035\" target=\"_blank\"> izrade Nacrta prijedloga Plana gospodarenja otpadom<\/a> i posebno istaknuli da Nacrt ne uklju<br \/>\n\u010duje plan i naputke za smanjenje uporabe plasti\u010dnih vre\u0107ica, \u0161to s ekolo\u0161kog gledi\u0161ta smatramo neodr\u017eivim i nedopustivim. Tako\u0111er, istaknuli smo va\u017enost razvrstavanja i recikliranja otpada.<\/li>\n<li>Sudjelovali smo na tiskovnoj konferenciji u Rijeci s temom po\u0161tovanja zakonskih odredbi od strane gradske upra<br \/>\nve grada Rijeke. Govorilo se o problemima s kojima se susre\u0107u u radu lokalna skloni\u0161ta, kao i o nu\u017enosti bolje provedbe Zakona o za\u0161titi \u017eivotinja u praksi te izgradnji gradskog skloni\u0161ta.<\/li>\n<li>Izdvajamo novo na webu:<br \/>\na) Fontana na <a href=\"http:\/\/www.prijatelji-zivotinja.hr\/index.hr.php?id=560\" target=\"_blank\">popisu hotela koji primaju ku\u0107ne \u017eivotinje<\/a><br \/>\nb) Planet Ayurveda dodan na <a href=\"http:\/\/prijatelji-zivotinja.hr\/index.hr.php?id=80\" target=\"_blank\">Bijelu listu<\/a> tvrtki koje ne testiraju na \u017eivotinjama<br \/>\nc) Nove osobe na <a href=\"http:\/\/prijatelji-zivotinja.hr\/index.hr.php?id=665\" target=\"_blank\">Top listi pozitivaca<\/a><br \/>\nd) <a href=\"http:\/\/www.prijatelji-zivotinja.hr\/index.hr.php?id=3055\" target=\"_blank\">Izvje\u0161taj SCAHAW-a<\/a> o proizvodnji \u017eivotinjskog krzna iz 2001.<br \/>\ne) Abel Trujillo na <a href=\"http:\/\/prijatelji-zivotinja.hr\/index.hr.php?id=1201\" target=\"_blank\">popisu sporta\u0161a vegetarijanaca i vegana<\/a><br \/>\nf) Novi recepti u rubrici <a href=\"http:\/\/www.prijatelji-zivotinja.hr\/index.hr.php?id=275\" target=\"_blank\">Slastice<\/a><br \/>\ng) Brian Greene na <a href=\"http:\/\/www.prijatelji-zivotinja.hr\/index.hr.php?id=87\" target=\"_blank\">listi poznatih vegetarijanaca i vegana<\/a><br \/>\nh) Edukativni \u010dlanak: <a href=\"http:\/\/www.prijatelji-zivotinja.hr\/index.hr.php?id=3057\" target=\"_blank\">Jaha\u0107a oprema uzrokuje konjima patnju i bol<\/a><br \/>\ni) Novi blog na <a href=\"http:\/\/www.veganopolis.net\/vege-blog-detaljno\/zasto-je-biti-vegan-najlaksa-stvar-na-svijetu\" target=\"_blank\">veganopolis.net<\/a>.<\/li>\n<li>ZeGeVege festival organiziran je na neprofitnoj i volonterskoj osnovi te i ovim putem pozivamo na <a href=\"http:\/\/www.zegevege.com\/?page_id=40\" target=\"_blank\">sudjel<\/a><a href=\"http:\/\/www.zegevege.com\/?page_id=40\" target=\"_blank\">ovanje i pomo\u0107 u po<\/a><a href=\"http:\/\/www.zegevege.com\/?page_id=40\" target=\"_blank\"><br \/>\nstavljanju Festivala<\/a>, kako bi i ove godine sve pro\u0161lo odli\u010dno. Budite dio odli\u010dne pri\u010de ZeGeVegea i prijavite se na <a href=\"http:\/\/www.zegevege.com\/\" target=\"_blank\">www.zegevege.com<\/a>. Osim volonterima, zahvaljujemo i svim pokroviteljima, sponzorima, izlaga\u010dima i izvo\u0111a\u010dima koji se marljivo pripremaju da atmosfera hrvatske Veganmanije bude nezaboravna.<\/li>\n<li>Ukoliko se \u017eelite informirati o novim veganskim proizvodima na hrvatskom tr\u017ei\u0161tu, pro\u010ditajte intervjue s na\u0161im festivalskim partnerima, <a href=\"http:\/\/www.zegevege.com\/?p=3137#.V77pQZh96hc\" target=\"_blank\">Bioveginim bio&amp;bio trgovinama<\/a> i <a href=\"http:\/\/www.zegevege.com\/?p=3174#.V77nrJh96hc\" target=\"_blank\">dm-drogerie marktom<\/a>.<\/li>\n<li>Biodobro se pridru\u017eio sve du\u017eem <a href=\"http:\/\/prijatelji-zivotinja.hr\/index.hr.php?id=2587\" target=\"_blank\">popisu na\u0161ih pravnih \u010dlanova<\/a>. Ako va\u0161a tvrtka, udruga, institucija, OPG ili obrt \u017eeli podr\u017eati na\u0161 trud za prava \u017eivotinja, <a href=\"http:\/\/prijatelji-zivotinja.hr\/index.hr.php?id=2327\" target=\"_blank\">za pravno \u010dlanstvo prijavite se putem linka<\/a>, a vi i va\u0161i poznanici mo\u017eete se prijaviti i osobno <a href=\"http:\/\/www.prijatelji-zivotinja.hr\/index.hr.php?id=99\" target=\"_blank\">ovdje<\/a>. Hvala vam!<\/li>\n<li>Jo\u0161 jednom posebno zahvaljujemo svima koji nam omogu\u0107avaju daljnji rad svojim <a href=\"http:\/\/www.prijatelji-zivotinja.hr\/index.hr.php?id=857\" target=\"_blank\">\u010dlanarinama, donacijama<\/a>, <a href=\"http:\/\/www.prijatelji-zivotinja.hr\/index.hr.php?id=765\" target=\"_blank\">volonterstvom i na druge na\u010dine<\/a>.<\/li>\n<\/ul>\n<hr \/>\n<p>Iskreno vam svima zahvaljujemo na podr\u0161ci i na ljubavi prema \u017eivotinjama,<\/p>\n<p>va\u0161i Prijatelji \u017eivotinja<\/p>\n<\/div>\n<\/div>\n<\/div>\n<\/div>\n<\/div>\n<\/div>\n<\/div>\n","protected":false},"excerpt":{"rendered":"<p>Zootvor ostaje zootvor? Nakon postignute zabrane daljnjeg funkcioniranja zoolo\u0161kog vrta u kojem su \u017eivotinje bile u nedopustivo lo\u0161im uvjetima, nedavno je donesena odluka o otvaranju edukativnog centra s doma\u0107im \u017eivotinjama na Marjanu. U slu\u017ebenom dopisu Gradu istaknuli smo kako je lo\u0161e divlje \u017eivotinje u kavezima zamijeniti doma\u0107ima te istodobno upozorili da problem zbrinjavanja napu\u0161tenih \u017eivotinja [&hellip;]<\/p>\n","protected":false},"author":1,"featured_media":1827,"comment_status":"closed","ping_status":"closed","sticky":false,"template":"","format":"standard","meta":[],"categories":[32],"tags":[],"_links":{"self":[{"href":"http:\/\/www.animalist.eu\/index.php?rest_route=\/wp\/v2\/posts\/1813"}],"collection":[{"href":"http:\/\/www.animalist.eu\/index.php?rest_route=\/wp\/v2\/posts"}],"about":[{"href":"http:\/\/www.animalist.eu\/index.php?rest_route=\/wp\/v2\/types\/post"}],"author":[{"embeddable":true,"href":"http:\/\/www.animalist.eu\/index.php?rest_route=\/wp\/v2\/users\/1"}],"replies":[{"embeddable":true,"href":"http:\/\/www.animalist.eu\/index.php?rest_route=%2Fwp%2Fv2%2Fcomments&post=1813"}],"version-history":[{"count":21,"href":"http:\/\/www.animalist.eu\/index.php?rest_route=\/wp\/v2\/posts\/1813\/revisions"}],"predecessor-version":[{"id":1829,"href":"http:\/\/www.animalist.eu\/index.php?rest_route=\/wp\/v2\/posts\/1813\/revisions\/1829"}],"wp:featuredmedia":[{"embeddable":true,"href":"http:\/\/www.animalist.eu\/index.php?rest_route=\/wp\/v2\/media\/1827"}],"wp:attachment":[{"href":"http:\/\/www.animalist.eu\/index.php?rest_route=%2Fwp%2Fv2%2Fmedia&parent=1813"}],"wp:term":[{"taxonomy":"category","embeddable":true,"href":"http:\/\/www.animalist.eu\/index.php?rest_route=%2Fwp%2Fv2%2Fcategories&post=1813"},{"taxonomy":"post_tag","embeddable":true,"href":"http:\/\/www.animalist.eu\/index.php?rest_route=%2Fwp%2Fv2%2Ftags&post=1813"}],"curies":[{"name":"wp","href":"https:\/\/api.w.org\/{rel}","templated":true}]}}