{"id":1780,"date":"2016-06-24T14:04:55","date_gmt":"2016-06-24T12:04:55","guid":{"rendered":"http:\/\/www.animalist.eu\/?p=1780"},"modified":"2016-07-01T15:11:40","modified_gmt":"2016-07-01T13:11:40","slug":"animalist-br-139","status":"publish","type":"post","link":"http:\/\/www.animalist.eu\/?p=1780","title":{"rendered":"AnimaList br. 139"},"content":{"rendered":"<h4 class=\"null\"><span style=\"color: #00ac97;\">Intelektualci i veterinari daju podr\u0161ku \u010din\u010dilama<\/span><\/h4>\n<p><div class=\"one_fourth\"><a href=\"http:\/\/www.animalist.eu\/wp-content\/uploads\/2016\/06\/Intelektualci_za_cincile.jpg\"><img loading=\"lazy\" class=\"alignnone size-full wp-image-1782\" src=\"http:\/\/www.animalist.eu\/wp-content\/uploads\/2016\/06\/Intelektualci_za_cincile.jpg\" alt=\"Intelektualci_za_cincile\" width=\"250\" height=\"225\" \/><\/a><\/div>Bura reakcija u Hrvatskoj glede\u00a0najavljene sramotne inicijative ponovnog uzgoja \u010din\u010dila za krzno nakon desetogodi\u0161njeg prijelaznog razdoblja i dalje ne jenjava! Podr\u0161ku definitivnoj zabrani dala je veterinarska struka, kao i neki od istaknutih hrvatskih intelektualaca. <a href=\"http:\/\/www.prijatelji-zivotinja.hr\/index.hr.php?id=3009\" target=\"_blank\">Veterinari iz Hrvatske<\/a>, kao i njihovi <a href=\"http:\/\/www.prijatelji-zivotinja.hr\/index.hr.php?id=2951\" target=\"_blank\">kolege iz inozemstva<\/a>, slo\u017eni su u stavu da je uzgoj \u010din\u010dila neprihvatljiv sa stajali\u0161ta dobrobiti \u017eivotinja. S druge strane, <a href=\"http:\/\/www.prijatelji-zivotinja.hr\/index.hr.php?id=3012\" target=\"_blank\">kulturnjaci<\/a> poput Dunje Vejzovi\u0107, Darka Rundeka i Slobodana \u0160najdera jasno su izrazili svoj stav o neeti\u010dnosti proizvodnje i kupovine krzna. Za kraj, i <a href=\"http:\/\/prijatelji-zivotinja.hr\/index.hr.php?id=3021\" target=\"_blank\">nizozemsko je ministarstvo ekonomije<\/a> uputilo je dopis hrvatskoj Vladi izra\u017eavaju\u0107i podr\u0161ku zabrani uzgoja.<\/p>\n<hr \/>\n<h4 class=\"null\"><span style=\"color: #00ac97;\">Deve u\u00a0cirkusu<\/span><\/h4>\n<p><div class=\"one_fourth\"><a href=\"http:\/\/www.animalist.eu\/wp-content\/uploads\/2016\/06\/Cirkus_Berlin.jpg\"><img loading=\"lazy\" class=\"alignnone size-full wp-image-1784\" src=\"http:\/\/www.animalist.eu\/wp-content\/uploads\/2016\/06\/Cirkus_Berlin.jpg\" alt=\"Cirkus_Berlin\" width=\"250\" height=\"225\" \/><\/a><\/div>Nadle\u017enima smo uputili prijave povodom <a href=\"http:\/\/prijatelji-zivotinja.hr\/index.hr.php?id=3011\" target=\"_blank\">dolaska cirkusa Berlin<\/a> s divljim \u017eivotinjama poput deva u \u010cakovec, <a href=\"http:\/\/www.prijatelji-zivotinja.hr\/index.hr.php?id=3025\" target=\"_blank\">Vara\u017edin<\/a> i Jastrebarsko. Zakon o za\u0161titi \u017eivotinja jasno navodi da je u Hrvatskoj zabranjeno dr\u017eanje divljih \u017eivotinja, bez obzira koristi li ih se u cirkuskom programu ili ne. Shodno tome, a i \u010dinjenici da i doma\u0107e \u017eivotinje pate u cirkusima, logi\u010dan je korak da Zakon o za\u0161titi \u017eivotinja zabrani dr\u017eanje i divljih i doma\u0107ih \u017eivotinja u cirkusu. Takvu odluku donijelo je ve\u0107 <a href=\"http:\/\/www.prijatelji-zivotinja.hr\/index.hr.php?id=666\" target=\"_blank\">30 hrvatskih gradova<\/a>.<br \/>\n<span style=\"color: #ffffff;\">X<\/span><\/p>\n<hr \/>\n<h4 class=\"null\"><span style=\"color: #00ac97;\">Kastracija je nu\u017ena pomo\u0107 ma\u010dkama<\/span><\/h4>\n<p><div class=\"one_fourth\"><a href=\"http:\/\/www.animalist.eu\/wp-content\/uploads\/2016\/06\/Kastracija_macka.jpg\"><img loading=\"lazy\" class=\"alignnone size-full wp-image-1785\" src=\"http:\/\/www.animalist.eu\/wp-content\/uploads\/2016\/06\/Kastracija_macka.jpg\" alt=\"Kastracija_macka\" width=\"250\" height=\"225\" \/><\/a><\/div>U suradnji s ameri\u010dkom organizacijom <a href=\"http:\/\/www.saveacat.org\/\" target=\"_blank\">Alley Cat Rescue Inc.<\/a> obilje\u017eili smo <a href=\"http:\/\/www.prijatelji-zivotinja.hr\/index.hr.php?id=3014k\" target=\"_blank\">Me\u0111unarodni dan kastracije uli\u010dnih ma\u010daka<\/a>. Na taj dan organizirali smo s veterinarima besplatne kastracije i sterilizacije uli\u010dnih ma\u010daka. Tako\u0111er, jo\u0161 jednom pozivamo gra\u0111ane da tijekom cijele godine <a href=\"http:\/\/www.prijatelji-zivotinja.hr\/index.hr.php?id=1905\" target=\"_blank\">putem internetske\u00a0prijavnice<\/a> po povoljnijoj cijeni kastriraju \u017eivotinje koje trebaju pomo\u0107.<\/p>\n<p><span style=\"color: #ffffff;\">X<\/span><\/p>\n<hr \/>\n<h4 class=\"null\"><span style=\"color: #00ac97;\">Zlostavljanje \u017eivotinja treba ostati ka\u017enjivo!<\/span><\/h4>\n<p><div class=\"one_fourth\"><a href=\"http:\/\/www.animalist.eu\/wp-content\/uploads\/2016\/06\/Zlostavljanje.jpg\"><img loading=\"lazy\" class=\"alignnone size-full wp-image-1786\" src=\"http:\/\/www.animalist.eu\/wp-content\/uploads\/2016\/06\/Zlostavljanje.jpg\" alt=\"Zlostavljanje\" width=\"250\" height=\"225\" \/><\/a><\/div>Nakon \u0161to smo uputili <a href=\"http:\/\/prijatelji-zivotinja.hr\/index.hr.php?id=3017\" target=\"_blank\">primjedbe na novi Prijedlog Zakona o prekr\u0161ajima protiv javnog reda i mira<\/a>, iz kojeg se poku\u0161ava izuzeti odredba koja ka\u017enjava zlostavljanje \u017eivotinja na javnome mjestu, pozvali smo gra\u0111ane da se uklju\u010de svojim komentarima na savjetovanje sa zainteresiranom javno\u0161\u0107u. Nakon zavr\u0161etka savjetovanja, uputili smo MUP-u svoje <a href=\"http:\/\/www.prijatelji-zivotinja.hr\/index.hr.php?id=677\" target=\"_blank\">dodatne primjedbe<\/a> i <a href=\"http:\/\/www.prijatelji-zivotinja.hr\/index.hr.php?id=3028\" target=\"_blank\">argumente<\/a>, s obzirom na to da je zlostavljanje \u017eivotinja na javnome mjestu izravno\u00a0kr\u0161enje javnog reda i mira i va\u017eno je da ta odredba ostane u\u00a0zakonu.<\/p>\n<hr \/>\n<h4 class=\"null\"><span style=\"color: #00ac97;\">Veganstvo i prava \u017eivotinja uvrstiti u kurikulum<\/span><\/h4>\n<p><div class=\"one_fourth\"><a href=\"http:\/\/www.animalist.eu\/wp-content\/uploads\/2016\/06\/Kurikulum.jpg\"><img loading=\"lazy\" class=\"alignnone size-full wp-image-1787\" src=\"http:\/\/www.animalist.eu\/wp-content\/uploads\/2016\/06\/Kurikulum.jpg\" alt=\"Kurikulum\" width=\"250\" height=\"225\" \/><\/a><\/div>Odazvali smo se pozivu na savjetovanje sa zainteresiranom javno\u0161\u0107u o Nacrtu prijedloga Okvira nacionalnoga kurikuluma i poslali <a href=\"http:\/\/www.prijatelji-zivotinja.hr\/index.hr.php?id=3015\" target=\"_blank\">dopis Ministarstvu znanosti, obrazovanja i sporta<\/a>. Iznijeli smo svoje prijedloge za uvr\u0161tavanje tema poput za\u0161tite \u017eivotinja i veganske prehrane u nastavni program.<\/p>\n<p><span style=\"color: #ffffff;\">X<\/span><\/p>\n<p><span style=\"color: #ffffff;\">X<\/span><\/p>\n<hr \/>\n<h4 class=\"null\"><span style=\"color: #00ac97;\">Za podr\u0161ku \u010din\u010dilama\u00a0i drugim \u017eivotinjama<\/span><\/h4>\n<p><div class=\"one_fourth\"><a href=\"http:\/\/www.animalist.eu\/wp-content\/uploads\/2016\/06\/Podrska_cincilama.jpg\"><img loading=\"lazy\" class=\"alignnone size-full wp-image-1788\" src=\"http:\/\/www.animalist.eu\/wp-content\/uploads\/2016\/06\/Podrska_cincilama.jpg\" alt=\"Podrska_cincilama\" width=\"250\" height=\"225\" \/><\/a><\/div>Glumac Goran Vi\u0161nji\u0107 <a href=\"http:\/\/www.prijatelji-zivotinja.hr\/index.hr.php?id=3022\" target=\"_blank\">posjetio je na\u0161u udrugu kako bi ponovno izrazio podr\u0161ku zabrani uzgoja \u017eivotinja za krzno<\/a> i zauzeo se za pove\u0107anje zakonske za\u0161tite \u017eivotinja op\u0107enito. U prijateljskojm okru\u017eenju, uz veganski domjenak, popri\u010dao je s predstavnicima medija o za\u0161titi \u017eivotinja, a pridru\u017eila su mu se jo\u0161 dva ambasadora kampanje <a href=\"http:\/\/www.prijatelji-zivotinja.hr\/index.hr.php?id=2929\" target=\"_blank\">\u010cin\u010dile su zakon<\/a> \u2013 Iva \u0160ulenti\u0107 i Luka Ni\u017eeti\u0107. Vi\u0161nji\u0107 je iskoristio posjet i kako bi donio <a href=\"http:\/\/www.prijatelji-zivotinja.hr\/data\/file_10872.pdf\" target=\"_blank\">pismo koje je napisao ministru poljoprivrede Davoru Romi\u0107u<\/a>, u kojemu je apelirao na obranu postoje\u0107e zakonske zabrane uzgoja \u010din\u010dila za krzno, <a href=\"http:\/\/prijatelji-zivotinja.hr\/index.hr.php?id=3007\" target=\"_blank\">neproduljivanje postoje\u0107eg prijelaznog razdoblja<\/a> te na potrebu ve\u0107eg zauzimanja za bolju zakonsku za\u0161titu pasa i drugih \u017eivotinja.<\/p>\n<hr \/>\n<h4 class=\"null\"><span style=\"color: #00ac97;\">Be\u010dka i Hrvatska Veganmanija<\/span><\/h4>\n<p><div class=\"one_fourth\"><a href=\"http:\/\/www.animalist.eu\/wp-content\/uploads\/2016\/06\/veganmania.jpg\"><img loading=\"lazy\" class=\"alignnone size-full wp-image-1789\" src=\"http:\/\/www.animalist.eu\/wp-content\/uploads\/2016\/06\/veganmania.jpg\" alt=\"veganmania\" width=\"250\" height=\"225\" \/><\/a><\/div>Sudjelovali smo svojim \u0161tandom i na be\u010dkoj Veganmaniji najavljuju\u0107i hrvatsku Veganmaniju &#8211; na\u0161 <a href=\"http:\/\/www.prijatelji-zivotinja.hr\/index.hr.php?id=2924\" target=\"_blank\">ZeGeVege festival<\/a> koji \u0107e se odr\u017eati 2. i 3. rujna na Trgu bana Jela\u010di\u0107a. Pripreme za ZeGeVege ve\u0107 su naveliko u tijeku. Uz brojne podr\u0161ke koje nam pristi\u017eu, izdvajamo <a href=\"http:\/\/www.zegevege.com\/?page_id=1084\" target=\"_blank\">pokroviteljstvo<\/a> Grada Zagreba, Odbora za za\u0161titu okoli\u0161a i prirode Hrvatskoga sabora, Ministarstva poljoprivrede i Ministarstva turizma.<\/p>\n<p><span style=\"color: #ffffff;\">X<\/span><\/p>\n<hr \/>\n<h4 class=\"mc-toc-title\"><span style=\"color: #00ac97;\">Blic vijesti<\/span><\/h4>\n<ul>\n<li><a href=\"http:\/\/prijatelji-zivotinja.hr\/index.hr.php?id=3002\" target=\"_blank\">Novom internetskom\u00a0peticijom<\/a> pozvali smo ljude da podr\u017ee zabranu uzgoja \u017eivotinja za krzno u Flandriji, kojom \u0107e i Belgija dobiti zakonsku zabranu na dr\u017eavnoj razini.<\/li>\n<li>Poslali smo<a href=\"http:\/\/prijatelji-zivotinja.hr\/index.hr.php?id=3013\" target=\"_blank\"> zahtjev upravi Grada Hvara<\/a>, Pazina i Raba\u00a0te zatra\u017eili da po\u0161tuju svoje zakonske obaveze i rije\u0161e problem nezbrinutih \u017eivotinja izgradnjom skloni\u0161ta, edukacijom gra\u0111ana, programima ogla\u0161avanja i udomljavanja te ostalim zakonski propisanim obvezama.<\/li>\n<li>U sklopu programa Erasmus+ sudjelovali smo na te\u010daju za usavr\u0161avanje sposobnosti organizacije odbora odr\u017eanom u Den Haagu. Ste\u010deno znanje primijenit \u0107emo u svojem\u00a0radu.<\/li>\n<li>Reagirali smo i kod gradona\u010delnika Po\u017eege\u00a0i <a href=\"http:\/\/www.prijatelji-zivotinja.hr\/index.hr.php?id=3024\" target=\"_blank\">Slavonskog Broda<\/a> povodom gostovanja cirkusa sa \u017eivotinjama u tim gradovima. U Hrvatskoj su cirkusi s divljim \u017eivotinjama protuzakoniti, a niti jedan grad ne bi trebao dopu\u0161tati\u00a0mu\u010denje \u017eivotinja zbog zabave.<\/li>\n<li>Sudjelovali smo na odli\u010dnom <a href=\"https:\/\/hr-hr.facebook.com\/VegeFestVarazdin\/\" target=\"_blank\">Vegefestu u Vara\u017edinu<\/a> gdje nam se pridru\u017eio i Bojan Jambro\u0161i\u0107 koji je s maskotom \u010cin\u010di pozvao gra\u0111ane da podr\u017ee kampanju za spas \u010din\u010dila.<\/li>\n<li>Podr\u017eali smo otvorenje pse\u0107eg parka u Utrinama, kao i reviju udomljenih pasa, poru\u010duju\u0107i da je va\u017eno biti odgovoran skrbnik i ne kupovati, ve\u0107 udomljavati \u017eivotinje.<\/li>\n<li>Kroz cijeli lipanj u Var\u0161avskoj ulici u\u00a0Zagrebu\u00a0informirali smo gra\u0111ane o pravima \u017eivotinja i na na\u0161em \u0161tandu\u00a0prikupljali potpise za peticije.\u00a0Odaziv gra\u0111ana bio je velik, a vrijednim volonterima zahvaljujemo na pomo\u0107i!<\/li>\n<li>Zalo\u017eili smo se za zaustavljanje ilegalne inicijative uklanjanja gnijezda vrana u Vara\u017edinu u vrijeme gnije\u017e\u0111enja. Zajedni\u010dkim trudom udruga, medija i gra\u0111ana, inicijativa je sprije\u010dena.<\/li>\n<li>Reagirali smo zbog okrutnog natjecanja konja u povla\u010denju te\u0161kih trupaca koje se odr\u017eavalo u Ogulinu. Mediji su <a href=\"https:\/\/www.youtube.com\/watch?v=FDqDCv3zOkY\" target=\"_blank\">snimili i prenijeli mu\u010dne kadro<\/a><a href=\"https:\/\/www.youtube.com\/watch?v=FDqDCv3zOkY\" target=\"_blank\">ve<\/a> koji su zgrozili javnost.<\/li>\n<li>Izdvajamo novo na <em>webu<\/em>:<br \/>\na) <a href=\"http:\/\/www.veganopolis.net\/vege-blog-detaljno\/zasto-je-dobro-prestati-biti-vegetarijanac\" target=\"_blank\">Novi blog<\/a> na stranici <a href=\"http:\/\/www.veganopolis.net\/\" target=\"_blank\">Veganopolis.net<\/a>.<br \/>\nb) <a href=\"http:\/\/www.zeleni-ponedjeljak.com\/index.php\/hr\/recepti\" target=\"_blank\">Novi recepti<\/a> na stranici Zeleni ponedjeljak. <a href=\"http:\/\/www.zeleni-ponedjeljak.com\/index.php\/hr\/zeleni-ponedjeljak\" target=\"_blank\">Prijavite se<\/a> i za dobivanje <em>newslettera<\/em>!<br \/>\nc) Nadopunjeni <a href=\"http:\/\/www.veganopolis.net\/veganski-restorani\" target=\"_blank\">popis restorana<\/a>.<br \/>\nd) Encijan i J\u0100S\u00d6N Natural Cosmetics dodani na <a href=\"http:\/\/www.prijatelji-zivotinja.hr\/index.hr.php?id=80\" target=\"_blank\">Bijelu listu<\/a> tvrtki koje ne testiraju svoje proizvode na \u017eivotinjama.<br \/>\ne) <a href=\"http:\/\/prijatelji-zivotinja.hr\/index.hr.php?id=2856\" target=\"_blank\">Odgovor Europske komisije<\/a> na problem \u017eilet-\u017eice na hrvatskim granicama.<br \/>\nf) Video &#8220;<a href=\"https:\/\/www.youtube.com\/watch?v=IPjuh94xTaI\" target=\"_blank\">\u010cin\u010dile su zakon<\/a>&#8221; (skra\u0107ena verzija) na <a href=\"http:\/\/prijatelji-zivotinja.hr\/index.hr.php?id=2028\" target=\"_blank\">popisu videa na YouTubeu<\/a>.<br \/>\ng) Pas Ben dodan na <a href=\"http:\/\/www.prijatelji-zivotinja.hr\/index.hr.php?id=665\" target=\"_blank\">top listu pozitivaca<\/a>.<br \/>\nh) David Haye na <a href=\"http:\/\/www.prijatelji-zivotinja.hr\/index.hr.php?id=87\" target=\"_blank\">listi poznatih vegetarijanaca i vegana<\/a>.<br \/>\ni) Bode Miller dodan na <a href=\"http:\/\/prijatelji-zivotinja.hr\/index.hr.php?id=1201\" target=\"_blank\">popis sporta\u0161a vegana i vegetarijanaca<\/a>.<\/li>\n<li>Veganski proizvo\u0111a\u010d sirovih kola\u010da i torti Sirova hrana pridru\u017eio se sve du\u017eem <a href=\"http:\/\/prijatelji-zivotinja.hr\/index.hr.php?id=2317\" target=\"_blank\">popisu tvrtki koje koriste me\u0111unarodnu V-oznaku<\/a> i time svoje biljne proizvode u\u010dinio jo\u0161 privla\u010dnijima svim kupcima. Ako ste zainteresirani za uvo\u0111enje V-oznake na svoj proizvod, <a href=\"http:\/\/www.prijatelji-zivotinja.hr\/index.hr.php?id=2317\" target=\"_blank\">prijavite se ovdje<\/a>.<\/li>\n<li>\u00a0Popisu na\u0161ih pravnih \u010dlanova\u00a0pridru\u017euje se i <a href=\"http:\/\/prijatelji-zivotinja.hr\/index.hr.php?id=2587\" target=\"_blank\">OPG Pe\u0161a Marija<\/a>. <a href=\"http:\/\/www.prijatelji-zivotinja.hr\/index.hr.php?id=2492\" target=\"_blank\">Pridru\u017eite nam se<\/a> i vi, budite dio promjene.<br \/>\nJo\u0161 jednom posebno zahvaljujemo svima koji nam omogu\u0107avaju daljnji rad svojim <a href=\"http:\/\/www.prijatelji-zivotinja.hr\/index.hr.php?id=857\" target=\"_blank\">\u010dlanarinama, donacijama<\/a>, <a href=\"http:\/\/www.prijatelji-zivotinja.hr\/index.hr.php?id=765\" target=\"_blank\">volonterstvom i na druge na\u010dine<\/a>.<\/li>\n<\/ul>\n<hr \/>\n<p>Do novih zajedni\u010dkih uspjeha,<\/p>\n<p>va\u0161i Prijatelji \u017eivotinja<\/p>\n","protected":false},"excerpt":{"rendered":"<p>Intelektualci i veterinari daju podr\u0161ku \u010din\u010dilama Bura reakcija u Hrvatskoj glede\u00a0najavljene sramotne inicijative ponovnog uzgoja \u010din\u010dila za krzno nakon desetogodi\u0161njeg prijelaznog razdoblja i dalje ne jenjava! Podr\u0161ku definitivnoj zabrani dala je veterinarska struka, kao i neki od istaknutih hrvatskih intelektualaca. Veterinari iz Hrvatske, kao i njihovi kolege iz inozemstva, slo\u017eni su u stavu da je [&hellip;]<\/p>\n","protected":false},"author":1,"featured_media":1793,"comment_status":"closed","ping_status":"closed","sticky":false,"template":"","format":"standard","meta":[],"categories":[32],"tags":[],"_links":{"self":[{"href":"http:\/\/www.animalist.eu\/index.php?rest_route=\/wp\/v2\/posts\/1780"}],"collection":[{"href":"http:\/\/www.animalist.eu\/index.php?rest_route=\/wp\/v2\/posts"}],"about":[{"href":"http:\/\/www.animalist.eu\/index.php?rest_route=\/wp\/v2\/types\/post"}],"author":[{"embeddable":true,"href":"http:\/\/www.animalist.eu\/index.php?rest_route=\/wp\/v2\/users\/1"}],"replies":[{"embeddable":true,"href":"http:\/\/www.animalist.eu\/index.php?rest_route=%2Fwp%2Fv2%2Fcomments&post=1780"}],"version-history":[{"count":8,"href":"http:\/\/www.animalist.eu\/index.php?rest_route=\/wp\/v2\/posts\/1780\/revisions"}],"predecessor-version":[{"id":1797,"href":"http:\/\/www.animalist.eu\/index.php?rest_route=\/wp\/v2\/posts\/1780\/revisions\/1797"}],"wp:featuredmedia":[{"embeddable":true,"href":"http:\/\/www.animalist.eu\/index.php?rest_route=\/wp\/v2\/media\/1793"}],"wp:attachment":[{"href":"http:\/\/www.animalist.eu\/index.php?rest_route=%2Fwp%2Fv2%2Fmedia&parent=1780"}],"wp:term":[{"taxonomy":"category","embeddable":true,"href":"http:\/\/www.animalist.eu\/index.php?rest_route=%2Fwp%2Fv2%2Fcategories&post=1780"},{"taxonomy":"post_tag","embeddable":true,"href":"http:\/\/www.animalist.eu\/index.php?rest_route=%2Fwp%2Fv2%2Ftags&post=1780"}],"curies":[{"name":"wp","href":"https:\/\/api.w.org\/{rel}","templated":true}]}}