{"id":1735,"date":"2016-03-31T10:12:53","date_gmt":"2016-03-31T08:12:53","guid":{"rendered":"http:\/\/www.animalist.eu\/?p=1735"},"modified":"2016-04-04T08:35:45","modified_gmt":"2016-04-04T06:35:45","slug":"animalist-br-137","status":"publish","type":"post","link":"http:\/\/www.animalist.eu\/?p=1735","title":{"rendered":"AnimaList br. 137"},"content":{"rendered":"<p><em>&#8220;Svinje, dolje na mjestu za klanje, znale su do\u0107i do mene i gurkati me nju\u0161kom poput psi\u0107a. Dvije minute kasnije morao sam ih ubiti \u2013 zatu\u0107i ih nasmrt pomo\u0107u cijevi. Ne smije mi biti stalo.&#8221;<\/em> \u2013 iz isje\u010dka intervjua s radnikom iz klaonice, objavljenog u knjizi Karnizam autorice Melanie Joy<\/p>\n<hr \/>\n<h4 class=\"null\"><span style=\"color: #00ac97;\">Vege pozdrav prolje\u0107u<\/span><\/h4>\n<p><div class=\"one_fourth\"><a href=\"http:\/\/www.animalist.eu\/wp-content\/uploads\/2016\/03\/Meatout2016.jpg\"><img loading=\"lazy\" class=\"alignnone size-full wp-image-1738\" src=\"http:\/\/www.animalist.eu\/wp-content\/uploads\/2016\/03\/Meatout2016.jpg\" alt=\"Meatout2016\" width=\"250\" height=\"225\" \/><\/a><\/div>Povodom <a href=\"http:\/\/www.prijatelji-zivotinja.hr\/index.hr.php?id=2912\" target=\"_blank\">Svjetskog dana bez mesa<\/a> na \u0161tandu na glavnom zagreba\u010dkom trgu pozvali smo gra\u0111ane na pozitivnu odluku o promjeni prehrane, nude\u0107i im kao poticaj vege-paket s informativnim materijalima i ukusnim veganskim proizvodom. Jo\u0161 jednom pozivamo sve da dijele i preporu\u010duju proljetni <a href=\"http:\/\/www.veganopolis.net\/veganski-izazov\" target=\"_blank\">Vege izazov<\/a>.<\/p>\n<p><span style=\"color: #ffffff;\">X<\/span><\/p>\n<p><span style=\"color: #ffffff;\">X<\/span><\/p>\n<hr \/>\n<h4 class=\"null\"><span style=\"color: #00ac97;\">Prijatelji kroz stolje\u0107a<\/span><\/h4>\n<p><div class=\"one_fourth\"><a href=\"http:\/\/www.animalist.eu\/wp-content\/uploads\/2016\/03\/Prijatelji-kroz-stoljeca.jpg\"><img loading=\"lazy\" class=\"alignnone size-full wp-image-1739\" src=\"http:\/\/www.animalist.eu\/wp-content\/uploads\/2016\/03\/Prijatelji-kroz-stoljeca.jpg\" alt=\"Prijatelji kroz stoljeca\" width=\"250\" height=\"225\" \/><\/a><\/div>Azil Dumovec pokrenuo je, u suradnji s nama, kampanju pod nazivom &#8220;<a href=\"http:\/\/www.prijatelji-zivotinja.hr\/index.hr.php?id=2915\" target=\"_blank\">Prijatelji kroz stolje\u0107a<\/a>&#8220;. S plakata kampanje \u010dlanovi Reda \u010duvara grada Zagreba poput pravih vitezova, kojima je glavna zada\u0107a \u0161tititi slabe i nevine, pozivaju na pomo\u0107 \u017eivotinjama. \u010cuvari grada Zagreba za tu su prigodu organizirali i povorku kroz centar Zagreba te pro\u010ditali svoj <a href=\"http:\/\/www.prijatelji-zivotinja.hr\/index.hr.php?id=2923\" target=\"_blank\">proglas<\/a> o nu\u017enosti pomaganja \u017eivotinjama. Pogledajte <a href=\"http:\/\/www.prijatelji-zivotinja.hr\/index.hr.php?id=2922\" target=\"_blank\">fotografije s doga\u0111anja<\/a> i <a href=\"http:\/\/www.prijatelji-zivotinja.hr\/index.hr.php?id=529\" target=\"_blank\">galeriju plakata<\/a>.<br \/>\n<span style=\"color: #ffffff;\">X<\/span><\/p>\n<hr \/>\n<h4 class=\"null\"><span style=\"color: #00ac97;\">Okupljanje za \u010din\u010dile, pse i ostale \u017eivotinje<\/span><\/h4>\n<p><div class=\"one_fourth\"><a href=\"http:\/\/www.animalist.eu\/wp-content\/uploads\/2016\/03\/Za-bolji-zakon.jpg\"><img loading=\"lazy\" class=\"alignnone size-full wp-image-1740\" src=\"http:\/\/www.animalist.eu\/wp-content\/uploads\/2016\/03\/Za-bolji-zakon.jpg\" alt=\"Za bolji zakon\" width=\"250\" height=\"225\" \/><\/a><\/div>Pod geslom &#8220;<a href=\"http:\/\/www.prijatelji-zivotinja.hr\/index.hr.php?id=2917\" target=\"_blank\">Korak naprijed, a ne deset natrag!<\/a>&#8221; organizirali smo javno okupljanje kako bismo <a href=\"http:\/\/www.prijatelji-zivotinja.hr\/index.hr.php?id=2921\" target=\"_blank\">predali premijeru Ore\u0161kovi\u0107u apel za Zakon o za\u0161titi \u017eivotinja<\/a>. Time smo uputili zamolbu da se sprije\u010di zlo\u010din nad Zakonom o za\u0161titi \u017eivotinja i \u010din\u010dilama. Usto, okupljanje i dopis premijeru iskoristili smo i kako bismo upozorili i na druge nezadovoljavaju\u0107e zakonske propise za dobrobit \u017eivotinja u RH, poput Zakonom dopu\u0161tenog ubijanja napu\u0161tenih \u017eivotinja u skloni\u0161tima. Pogledajte <a href=\"http:\/\/www.prijatelji-zivotinja.hr\/index.hr.php?id=2920\" target=\"_blank\">fotografije<\/a> s izvrsno posje\u0107enog javnog okupljanja, <a href=\"http:\/\/www.prijatelji-zivotinja.hr\/index.hr.php?id=2906\" target=\"_blank\">pro\u0161irite peticiju<\/a> za bolji Zakon, pro\u010ditajte pismo premijeru i pogledajte <a href=\"http:\/\/www.prijatelji-zivotinja.hr\/index.hr.php?id=2908\" target=\"_blank\">popis od vi\u0161e od stotinu udruga<\/a> koje su izrazile podr\u0161ku za zabranu uzgoja \u017eivotinja radi krzna.<\/p>\n<hr \/>\n<h4 class=\"null\"><span style=\"color: #00ac97;\">Armani prestaje koristiti krzno!<\/span><\/h4>\n<p><div class=\"one_fourth\"><a href=\"http:\/\/www.animalist.eu\/wp-content\/uploads\/2016\/03\/Armani-prestaje-koristiti-krzno.jpg\"><img loading=\"lazy\" class=\"alignnone size-full wp-image-1742\" src=\"http:\/\/www.animalist.eu\/wp-content\/uploads\/2016\/03\/Armani-prestaje-koristiti-krzno.jpg\" alt=\"Armani prestaje koristiti krzno\" width=\"250\" height=\"225\" \/><\/a><\/div>Dopisom smo obavijestili javnost o izuzetno va\u017enom pomaku nabolje u modnoj industriji. Svjetski poznat dizajnerski <a href=\"http:\/\/www.prijatelji-zivotinja.hr\/index.hr.php?id=2925\" target=\"_blank\">brend Armani najavio je da prestaje koristiti krzno<\/a> u svim svojim kolekcijama! Ho\u0107e li i Hrvatska slijediti ovakve pozitivne svjetske trendove?<\/p>\n<p><span style=\"color: #ffffff;\">X<\/span><\/p>\n<p><span style=\"color: #ffffff;\">X<\/span><\/p>\n<hr \/>\n<h4 class=\"mc-toc-title\"><span style=\"color: #00ac97;\">Blic vijesti<\/span><\/h4>\n<ul>\n<li>Sa zadovoljstvom smo objavili <a href=\"http:\/\/prijatelji-zivotinja.hr\/index.hr.php?id=2905\" target=\"_blank\">vijest<\/a> da je Belgija pred zabranom uzgoja \u017eivotinja radi krzna, a obavijestili smo javnosti i o <a href=\"http:\/\/www.prijatelji-zivotinja.hr\/index.hr.php?id=2913\" target=\"_blank\">rezultatima istra\u017eivanja<\/a> koje je ukazalo i na do osam puta ve\u0107u koncentraciju opasnih tvari od dopu\u0161tene na odje\u0107i sa \u017eivotinjskim krznom.<\/li>\n<li>Sudjelovali smo na <a href=\"http:\/\/www.prijatelji-zivotinja.hr\/index.hr.php?id=2911\" target=\"_blank\">radionici o informacijskim i komunikacijskim tehnologijama<\/a>, koja se odr\u017eala u belgijskom gradu Gentu u sklopu programa Erasmus+.<\/li>\n<li>Reagirali smo povodom dojave o <a href=\"http:\/\/www.jutarnji.hr\/pobuna-prijatelja-zivotinja-zbog-kunica-u-izlogu--samo-smo-zeljeli-razveseliti-kupce--svi-su-ih-mazili-i-bili-dobri-prema-njima----\/1544198\/\" target=\"_blank\">izlaganju \u017eivih kuni\u0107a<\/a> u izlogu trgovine. Nakon reakcije medija, kuni\u0107i su premje\u0161teni iz neprimjerenih uvjeta.<\/li>\n<li>Studentima u Studentskom centru u Zagrebu pribli\u017eili smo prava \u017eivotinja dijele\u0107i edukativne letke. Potpisivala se <a href=\"http:\/\/www.prijatelji-zivotinja.hr\/index.hr.php?id=2906\" target=\"_blank\">Peticija za bolji Zakon<\/a>, kao i <a href=\"http:\/\/www.veganopolis.net\/veganski-izazov\" target=\"_blank\">prijave za Vege izazov<\/a> kojih je bilo puno.<\/li>\n<li>Na zagreba\u010dkome Trgu kralja Tomislava pu\u0161tali smo na na\u0161em ve\u010dernjem \u0161tandu edukativne filmove o pravima \u017eivotinja i veganstvu te razgovarali sa zainteresiranim gra\u0111anima.<\/li>\n<li>Reagirali smo nakon vijesti o <a href=\"http:\/\/www.prijatelji-zivotinja.hr\/arhiva.php?id=4857#v4857\" target=\"_blank\">izranjavanome psu<\/a> zavezanom za <a href=\"http:\/\/www.prijatelji-zivotinja.hr\/index.hr.php?id=2111\" target=\"_blank\">lanac<\/a> u Bjelovaru. Uz anga\u017eman gra\u0111ana i udruga, pri\u010da je dobila sretan kraj. Pas se ve\u0107 nalazi u novom domu, a rane su mu zalije\u010dene.<\/li>\n<li>Reagirali smo vezano za problem dr\u017eanja divljih i egzoti\u010dnih \u017eivotinja, nagla\u0161avaju\u0107i kako Hrvatskoj treba regulacija poput tzv. <a href=\"http:\/\/www.prijatelji-zivotinja.hr\/index.hr.php?id=2766\" target=\"_blank\">Pozitivne liste<\/a>, kao i da \u017eivotinje ne smiju biti predmeti trgovine, ve\u0107 umjesto kupovine treba odabrati udomljavanje napu\u0161tenih \u017eivotinja.<\/li>\n<li>Ponovno smo se zauzeli i za <a href=\"http:\/\/www.prijatelji-zivotinja.hr\/index.hr.php?id=2756\" target=\"_blank\">konje koji se iskori\u0161tavaju za izvla\u010denje drva<\/a> te napomenuli da je zakonski, na\u017ealost, jo\u0161 uvijek dopu\u0161teno \u017eigosanje konja.<\/li>\n<li>Izdvajamo novo na<em> webu<\/em>:<br \/>\na) <a href=\"http:\/\/www.zeleni-ponedjeljak.com\/index.php\/hr\/recepti\" target=\"_blank\">Novi recepti<\/a> dodani na stranicu <a href=\"http:\/\/www.zeleni-ponedjeljak.com\/index.php\/hr\/\" target=\"_blank\">Zeleni ponedjeljak<\/a><br \/>\nb) Novi restorani na <a href=\"http:\/\/www.veganopolis.net\/veganski-restorani\/1\" target=\"_blank\">Popisu restorana<\/a><br \/>\nc) <a href=\"http:\/\/prijatelji-zivotinja.hr\/index.hr.php?id=2882\" target=\"_blank\">Novi komentar<\/a> na <em>webu<\/em><br \/>\nd) Dostupan <a href=\"http:\/\/prijatelji-zivotinja.hr\/index.hr.php?id=2914\" target=\"_blank\">PDF bro\u0161ure<\/a> <em>Zabrana uzgoja krzna\u0161a \u2013 zakonska odredba na ponos Hrvatske<\/em><br \/>\ne) Nova <a href=\"http:\/\/www.prijatelji-zivotinja.hr\/index.hr.php?id=743\" target=\"_blank\">fotografija mjeseca<\/a><br \/>\nf) <a href=\"http:\/\/www.prijatelji-zivotinja.hr\/index.hr.php?id=2926\" target=\"_blank\">Mlijeko, meso i rak testisa<\/a><br \/>\ng) Galerija: <a href=\"http:\/\/www.prijatelji-zivotinja.hr\/index.hr.php?id=2927\" target=\"_blank\"><em>Meatout<\/em> u Pobjedama<\/a>.<\/li>\n<li>Listi ponosnih nositelja V-oznake pridru\u017eio se i brend <a href=\"http:\/\/www.prijatelji-zivotinja.hr\/index.hr.php?id=2907\" target=\"_blank\">Oliveri<\/a>. Informirajte se kako i vi mo\u017eete u\u010diniti va\u0161 veganski proizvod prepoznatljivim na tr\u017ei\u0161tu!<\/li>\n<li>Tvrtka za proizvodnju veganske obu\u0107e <a href=\"http:\/\/www.avesu.eu\/\" target=\"_blank\">Avesu<\/a> i <a href=\"http:\/\/sirovahrana.hr\/\" target=\"_blank\">Sirova hrana<\/a> pridru\u017eili su se <a href=\"http:\/\/www.prijatelji-zivotinja.hr\/index.hr.php?id=2587\" target=\"_blank\">popisu na\u0161ih pravnih \u010dlanova<\/a>! <a href=\"http:\/\/www.prijatelji-zivotinja.hr\/index.hr.php?id=2327\" target=\"_blank\">Podr\u017eite nas<\/a> i vi, mnogo \u0107ete nam pomo\u0107i u daljnjem radu.<\/li>\n<\/ul>\n<hr \/>\n<p>S ponosom vas obavje\u0161tavamo da su po\u010dele pripreme za <a href=\"http:\/\/prijatelji-zivotinja.hr\/index.hr.php?id=2924\" target=\"_blank\">9. po redu ZeGeVege festival<\/a> odr\u017eivog \u017eivljenja koji je, kao dio europske Veganmanije, jedan od tri najve\u0107a veganska festivala u Europi. Datum odr\u017eavanja ove godine bit \u0107e 2. i 3. rujna, na ve\u0107 tradicionalnome mjestu \u2013 Trgu Bana Jela\u010di\u0107a. Ponovno o\u010dekujemo vi\u0161e od 40 000 posjetitelja. Ne riskirajte ostanak bez svojega \u0161tanda, ve\u0107 se <a href=\"http:\/\/www.zegevege.com\/?page_id=40\" target=\"_blank\">prijavite<\/a> \u0161to ranije, navala je velika!<\/p>\n<p>Mnoge nas va\u017ene bitke za prava \u017eivotinja i dalje o\u010dekuju. Budite aktivno uz nas i sve \u017eivotinje <a href=\"http:\/\/www.prijatelji-zivotinja.hr\/index.hr.php?id=857\" target=\"_blank\">\u010dlanstvom, donacijom<\/a> i <a href=\"http:\/\/www.prijatelji-zivotinja.hr\/index.hr.php?id=765\" target=\"_blank\">volontiranjem<\/a>. Budimo dio promjene. Hvala!<\/p>\n<p>Va\u0161i Prijatelji \u017eivotinja<\/p>\n","protected":false},"excerpt":{"rendered":"<p>&#8220;Svinje, dolje na mjestu za klanje, znale su do\u0107i do mene i gurkati me nju\u0161kom poput psi\u0107a. Dvije minute kasnije morao sam ih ubiti \u2013 zatu\u0107i ih nasmrt pomo\u0107u cijevi. Ne smije mi biti stalo.&#8221; \u2013 iz isje\u010dka intervjua s radnikom iz klaonice, objavljenog u knjizi Karnizam autorice Melanie Joy Vege pozdrav prolje\u0107u Povodom Svjetskog [&hellip;]<\/p>\n","protected":false},"author":1,"featured_media":1741,"comment_status":"closed","ping_status":"closed","sticky":false,"template":"","format":"standard","meta":[],"categories":[32],"tags":[],"_links":{"self":[{"href":"http:\/\/www.animalist.eu\/index.php?rest_route=\/wp\/v2\/posts\/1735"}],"collection":[{"href":"http:\/\/www.animalist.eu\/index.php?rest_route=\/wp\/v2\/posts"}],"about":[{"href":"http:\/\/www.animalist.eu\/index.php?rest_route=\/wp\/v2\/types\/post"}],"author":[{"embeddable":true,"href":"http:\/\/www.animalist.eu\/index.php?rest_route=\/wp\/v2\/users\/1"}],"replies":[{"embeddable":true,"href":"http:\/\/www.animalist.eu\/index.php?rest_route=%2Fwp%2Fv2%2Fcomments&post=1735"}],"version-history":[{"count":16,"href":"http:\/\/www.animalist.eu\/index.php?rest_route=\/wp\/v2\/posts\/1735\/revisions"}],"predecessor-version":[{"id":1758,"href":"http:\/\/www.animalist.eu\/index.php?rest_route=\/wp\/v2\/posts\/1735\/revisions\/1758"}],"wp:featuredmedia":[{"embeddable":true,"href":"http:\/\/www.animalist.eu\/index.php?rest_route=\/wp\/v2\/media\/1741"}],"wp:attachment":[{"href":"http:\/\/www.animalist.eu\/index.php?rest_route=%2Fwp%2Fv2%2Fmedia&parent=1735"}],"wp:term":[{"taxonomy":"category","embeddable":true,"href":"http:\/\/www.animalist.eu\/index.php?rest_route=%2Fwp%2Fv2%2Fcategories&post=1735"},{"taxonomy":"post_tag","embeddable":true,"href":"http:\/\/www.animalist.eu\/index.php?rest_route=%2Fwp%2Fv2%2Ftags&post=1735"}],"curies":[{"name":"wp","href":"https:\/\/api.w.org\/{rel}","templated":true}]}}